{"id":997,"date":"2026-09-01T17:17:50","date_gmt":"2026-09-01T15:17:50","guid":{"rendered":"https:\/\/www.maison.fr\/blog\/norme-electrique-salle-de-bain\/"},"modified":"2026-09-01T18:09:29","modified_gmt":"2026-09-01T16:09:29","slug":"norme-electrique-salle-de-bain","status":"publish","type":"post","link":"https:\/\/www.maison.fr\/blog\/norme-electrique-salle-de-bain\/","title":{"rendered":"\u00c9lectricit\u00e9 en salle de bains : les volumes, et ce que la norme \u00e9lectrique n'impose pas \u00e0 un logement existant"},"content":{"rendered":"<p>La salle de bain est la pi\u00e8ce o\u00f9 le risque \u00e9lectrique est le plus \u00e9lev\u00e9 en raison de la pr\u00e9sence simultan\u00e9e d&#x27;eau et d&#x27;appareils sous tension. La norme NF C 15-100 d\u00e9finit trois volumes de s\u00e9curit\u00e9 autour des points d&#x27;eau et pr\u00e9cise pour chacun ce qui est admis ou interdit. Ce texte est un document payant : tous les chiffres qui suivent sont tir\u00e9s des guides techniques de Legrand et de Promotelec, les deux sources les plus utilis\u00e9es par les professionnels. Nous distinguons \u00e9galement ce qui rel\u00e8ve d&#x27;une installation neuve de ce qu&#x27;impose l&#x27;arr\u00eat\u00e9 du 28 septembre 2017 pour la mise en s\u00e9curit\u00e9 d&#x27;un logement existant.<\/p>\n<h2>Les volumes 0, 1 et 2 : o\u00f9 ils commencent, o\u00f9 ils s&#x27;arr\u00eatent<\/h2>\n<p>Les volumes se d\u00e9finissent par rapport au point d&#x27;eau. Plus on s&#x27;en rapproche, plus les contraintes sont s\u00e9v\u00e8res.<\/p>\n<p><strong>Volume 0<\/strong> : int\u00e9rieur de la baignoire ou du receveur de douche, y compris l&#x27;espace sous le receveur accessible par une trappe. Aucun appareillage \u00e9lectrique classique n&#x27;y est admis. Seul un \u00e9clairage en tr\u00e8s basse tension de s\u00e9curit\u00e9 (TBTS 12 V) peut y \u00eatre install\u00e9, \u00e0 condition que son transformateur de s\u00e9paration soit plac\u00e9 hors des volumes 0, 1 et 2 et qu&#x27;il affiche un indice IPX7 (protection contre l&#x27;immersion temporaire, selon le guide Legrand).<\/p>\n<p><strong>Volume 1<\/strong> : au-dessus du volume 0, jusqu&#x27;\u00e0 2,25 m\u00e8tres de hauteur mesur\u00e9e depuis le plus haut des deux plans (sol fini ou fond de cuve). Interrupteurs, prises 2P+T et bo\u00eetes de connexion y sont interdits. Pour l&#x27;indice de protection, Legrand exige IPX5 (jets d&#x27;eau), Promotelec retient IPX4 (projections) sauf exposition \u00e0 des jets. Seuls un chauffe-eau instantan\u00e9 ou un \u00e9clairage TBTS 12 V avec transformateur hors volume sont autoris\u00e9s.<\/p>\n<p><strong>Volume 2<\/strong> : 60 centim\u00e8tres autour du volume 1, sur 2,25 m\u00e8tres de hauteur. L&#x27;indice requis est IPX4 (Legrand). Les prises de courant avec terre y restent interdites. Une prise rasoir avec transformateur de s\u00e9paration (20 \u00e0 50 VA) est admise, de m\u00eame qu&#x27;un chauffage de classe II ou un \u00e9clairage de classe II.<\/p>\n<p><strong>Hors volume<\/strong> : au-del\u00e0 des 60 centim\u00e8tres du volume 2. Toutes les contraintes tombent. Une prise 2P+T 16 A, un interrupteur, un lave-linge ou un s\u00e8che-serviette de classe I peuvent y \u00eatre install\u00e9s sans exigence d&#x27;indice IP. La norme impose n\u00e9anmoins une prise de terre et un diff\u00e9rentiel 30 mA en t\u00eate d&#x27;installation.<\/p>\n<h3>Tableau des volumes et protections<\/h3>\n<figure class=\"wp-block-table\">\n<table>\n<thead>\n<tr>\n<th>Volume<\/th>\n<th>Emplacement<\/th>\n<th>Hauteur max.<\/th>\n<th>Indice IP requis<\/th>\n<th>Interdit<\/th>\n<\/tr>\n<\/thead>\n<tbody>\n<tr>\n<td>Volume 0<\/td>\n<td>Int\u00e9rieur baignoire ou receveur<\/td>\n<td>Fond de cuve<\/td>\n<td>IPX7 (Legrand)<\/td>\n<td>Tout sauf \u00e9clairage TBTS 12 V (transfo hors volume)<\/td>\n<\/tr>\n<tr>\n<td>Volume 1<\/td>\n<td>Au-dessus du volume 0<\/td>\n<td>2,25 m depuis le plus haut (sol ou fond de cuve)<\/td>\n<td>IPX4 (Promotelec) ou IPX5 (Legrand)<\/td>\n<td>Interrupteurs, prises 2P+T, bo\u00eetes de connexion<\/td>\n<\/tr>\n<tr>\n<td>Volume 2<\/td>\n<td>60 cm autour du volume 1<\/td>\n<td>2,25 m<\/td>\n<td>IPX4 (Legrand)<\/td>\n<td>Prises 2P+T (sauf prise rasoir avec transfo de s\u00e9paration)<\/td>\n<\/tr>\n<tr>\n<td>Hors volume<\/td>\n<td>Au-del\u00e0 du volume 2<\/td>\n<td>Aucune<\/td>\n<td>Aucun requis<\/td>\n<td>Aucun<\/td>\n<\/tr>\n<\/tbody>\n<\/table>\n<\/figure>\n<h2>Le cas de la douche \u00e0 l&#x27;italienne, qui ne se mesure pas comme une baignoire<\/h2>\n<p>Une douche \u00e0 l&#x27;italienne n&#x27;a pas de receveur sur\u00e9lev\u00e9 : la mesure des volumes part du sol fini. Promotelec pr\u00e9cise que le volume 1 s&#x27;\u00e9tend sur un rayon de 60 centim\u00e8tres autour d&#x27;une pomme de douche fixe, et de 120 centim\u00e8tres autour du point de fixation du flexible pour une douche \u00e0 main. La hauteur de 2,25 m\u00e8tres reste identique. Le volume 2 ajoute 60 centim\u00e8tres suppl\u00e9mentaires.<\/p>\n<p>Cette r\u00e8gle peut placer une petite salle de bain enti\u00e8rement en volume 1 ou 2. Dans ce cas, les prises et interrupteurs doivent \u00eatre report\u00e9s \u00e0 l&#x27;ext\u00e9rieur de la pi\u00e8ce, ou la salle d&#x27;eau doit \u00eatre assez grande pour d\u00e9gager une zone hors volume.<\/p>\n<h2>Ce que les relais ne disent pas pareil : IPX4 ou IPX5 en volume 1<\/h2>\n<p>Sur le volume 1, Legrand indique IPX5 (jets d&#x27;eau de toutes directions) tandis que Promotelec \u00e9crit IPX4 (projections d&#x27;eau) en pr\u00e9cisant que l&#x27;IPX5 s&#x27;applique en cas d&#x27;exposition \u00e0 des jets. Ces deux guides n&#x27;ont pas valeur de norme : ce sont des interpr\u00e9tations de la NF C 15-100 \u00e0 destination du public. La recommandation prudente est de retenir le niveau le plus \u00e9lev\u00e9, IPX5, et de confier le choix final \u00e0 un \u00e9lectricien qui engage sa responsabilit\u00e9 sur la conformit\u00e9 de l&#x27;installation.<\/p>\n<h2>Logement existant : la mise en s\u00e9curit\u00e9 et ses six points de contr\u00f4le<\/h2>\n<p>Un logement existant n&#x27;a pas \u00e0 respecter la NF C 15-100 comme une construction neuve. La seule obligation l\u00e9gale pour un propri\u00e9taire vendeur ou bailleur est la mise en s\u00e9curit\u00e9, d\u00e9finie par l&#x27;arr\u00eat\u00e9 du 28 septembre 2017 et le r\u00e9f\u00e9rentiel FD C16-600. Six points sont contr\u00f4l\u00e9s lors du diagnostic \u00e9lectrique obligatoire (valable 3 ans pour une vente, 6 ans pour une location) :<\/p>\n<ol>\n<li>Pr\u00e9sence d&#x27;un appareil g\u00e9n\u00e9ral de commande et de protection, accessible pour couper l&#x27;alimentation.<\/li>\n<li>Prise de terre associ\u00e9e \u00e0 un dispositif diff\u00e9rentiel \u00e0 l&#x27;origine de l&#x27;installation.<\/li>\n<li>Tableau \u00e9lectrique avec disjoncteurs ou coupe-circuits adapt\u00e9s \u00e0 la section des conducteurs.<\/li>\n<li>Installation adapt\u00e9e aux locaux avec baignoire ou douche : prise de terre et absence de mat\u00e9riel \u00e9lectrique dans les volumes inadapt\u00e9s.<\/li>\n<li>Absence de mat\u00e9riels pr\u00e9sentant un risque de contact avec des \u00e9l\u00e9ments sous tension (fils d\u00e9nud\u00e9s, bo\u00eetiers fendus).<\/li>\n<li>Conducteurs isol\u00e9s, sans partie active apparente.<\/li>\n<\/ol>\n<p>Les travaux correctifs peuvent \u00eatre certifi\u00e9s par une attestation Consuel pour mise en s\u00e9curit\u00e9, qui a la m\u00eame valeur qu&#x27;un diagnostic.<\/p>\n<h2>Liaison \u00e9quipotentielle et diff\u00e9rentiel 30 mA : les deux protections qu&#x27;on oublie<\/h2>\n<p>Deux protections moins visibles que les volumes compl\u00e8tent le dispositif.<\/p>\n<p><strong>La liaison \u00e9quipotentielle suppl\u00e9mentaire (LES)<\/strong> relie entre elles et \u00e0 la terre toutes les masses m\u00e9talliques de la salle de bain : corps de baignoire, canalisations, huisseries m\u00e9talliques. Elle emp\u00eache l&#x27;apparition d&#x27;une diff\u00e9rence de potentiel entre deux \u00e9l\u00e9ments simultan\u00e9ment accessibles, ce qui provoquerait une \u00e9lectrocution. Obligatoire en volumes 0, 1 et 2 pour le neuf, son absence dans l&#x27;existant est une anomalie relev\u00e9e au point 4 du diagnostic.<\/p>\n<p><strong>Le diff\u00e9rentiel 30 mA<\/strong> d\u00e9tecte un courant de fuite vers la terre et coupe l&#x27;alimentation en moins de 30 millisecondes. La NF C 15-100 en impose un par rang\u00e9e du tableau. Dans une salle de bain, cette protection est doublement critique : l&#x27;eau abaisse la r\u00e9sistance \u00e9lectrique de la peau, rendant un simple d\u00e9faut d&#x27;isolement imm\u00e9diatement dangereux.<\/p>\n<h2>Questions fr\u00e9quentes<\/h2>\n<h3>Quelle distance entre une prise \u00e9lectrique et un lavabo ?<\/h3>\n<p>Aucune distance en centim\u00e8tres n&#x27;est fix\u00e9e par un texte r\u00e9glementaire. La norme raisonne en volumes, pas en distances par rapport au lavabo. Une prise situ\u00e9e hors volume, \u00e0 plus de 60 centim\u00e8tres du volume 1 de la baignoire ou de la douche, est autoris\u00e9e quelle que soit sa distance au lavabo. Par pr\u00e9caution, \u00e9loigner la prise du point d&#x27;eau reste recommand\u00e9, m\u00eame sans obligation chiffr\u00e9e.<\/p>\n<h3>Peut-on installer un s\u00e8che-serviette dans une salle de bain ?<\/h3>\n<p>Oui, mais uniquement en volume 2 (classe II, IPX4) ou hors volume (toutes classes). Legrand interdit tout appareil de chauffage de classe I dans les volumes 0, 1 et 2. L&#x27;alimentation doit \u00eatre raccord\u00e9e directement, sans bo\u00eete de connexion apparente dans le volume 2.<\/p>\n<h3>La NF C 15-100 s&#x27;applique-t-elle \u00e0 un logement ancien ?<\/h3>\n<p>Non, sauf si des travaux modifient structurellement la salle de bain. Pour un logement existant sans r\u00e9novation lourde, l&#x27;exigence r\u00e9glementaire est la mise en s\u00e9curit\u00e9 selon l&#x27;arr\u00eat\u00e9 du 28 septembre 2017, limit\u00e9e \u00e0 six points de contr\u00f4le. Un propri\u00e9taire peut aller au-del\u00e0 volontairement, mais la loi ne l&#x27;impose pas.<\/p>\n<h3>Un \u00e9clairage 230 V peut-il \u00eatre pos\u00e9 au plafond ?<\/h3>\n<p>Un \u00e9clairage 230 V de classe I est interdit dans les volumes 0, 1 et 2. Au plafond, si la hauteur sous plafond d\u00e9passe 2,25 m\u00e8tres, le point lumineux se trouve hors volume et un \u00e9clairage 230 V y est autoris\u00e9. En dessous de 2,25 m\u00e8tres, il tombe en volume 1 ou 2 et doit \u00eatre en TBTS 12 V avec transformateur hors volume.<\/p>\n<p>---<\/p>\n<p>Pour aller plus loin, consultez nos guides sur le <a href=\"\/remplacer-baignoire-par-douche\/\">remplacement d&#x27;une baignoire par une douche<\/a>, <a href=\"\/salle-de-bain-moderne\/\">l&#x27;am\u00e9nagement d&#x27;une salle de bain moderne<\/a> et <a href=\"\/faience-salle-de-bain\/\">le choix de la fa\u00efence<\/a>.<\/p>\n","protected":false},"excerpt":{"rendered":"<p>Norme \u00e9lectrique salle de bain : volumes 0, 1 et 2, indices IP et distances autour des points d'eau. Mise en s\u00e9curit\u00e9 d'un logement existant en 6 points.<\/p>\n","protected":false},"author":1,"featured_media":1012,"comment_status":"closed","ping_status":"","sticky":false,"template":"","format":"standard","meta":{"footnotes":""},"categories":[12],"tags":[],"class_list":["post-997","post","type-post","status-publish","format-standard","has-post-thumbnail","hentry","category-entretien-du-jardin"],"yoast_head":"<!-- This site is optimized with the Yoast SEO plugin v28.3 - https:\/\/yoast.com\/product\/yoast-seo-wordpress\/ -->\n<title>\u00c9lectricit\u00e9 en salle de bains : les volumes, et ce que la norme \u00e9lectrique n&#039;impose pas \u00e0 un logement existant - Blog Maison<\/title>\n<meta name=\"robots\" content=\"index, follow, max-snippet:-1, max-image-preview:large, max-video-preview:-1\" \/>\n<link rel=\"canonical\" href=\"https:\/\/www.maison.fr\/blog\/norme-electrique-salle-de-bain\/\" \/>\n<meta property=\"og:locale\" content=\"fr_FR\" \/>\n<meta property=\"og:type\" content=\"article\" \/>\n<meta property=\"og:title\" content=\"\u00c9lectricit\u00e9 en salle de bains : les volumes, et ce que la norme \u00e9lectrique n&#039;impose pas \u00e0 un logement existant - Blog Maison\" \/>\n<meta property=\"og:description\" content=\"Norme \u00e9lectrique salle de bain : volumes 0, 1 et 2, indices IP et distances autour des points d&#039;eau. Mise en s\u00e9curit\u00e9 d&#039;un logement existant en 6 points.\" \/>\n<meta property=\"og:url\" content=\"https:\/\/www.maison.fr\/blog\/norme-electrique-salle-de-bain\/\" \/>\n<meta property=\"og:site_name\" content=\"Blog Maison\" \/>\n<meta property=\"article:published_time\" content=\"2026-09-01T15:17:50+00:00\" \/>\n<meta property=\"article:modified_time\" content=\"2026-09-01T16:09:29+00:00\" \/>\n<meta name=\"author\" content=\"Marc\" \/>\n<meta name=\"twitter:card\" content=\"summary_large_image\" \/>\n<meta name=\"twitter:label1\" content=\"\u00c9crit par\" \/>\n\t<meta name=\"twitter:data1\" content=\"Marc\" \/>\n\t<meta name=\"twitter:label2\" content=\"Dur\u00e9e de lecture estim\u00e9e\" \/>\n\t<meta name=\"twitter:data2\" content=\"7 minutes\" \/>\n<script type=\"application\/ld+json\" class=\"yoast-schema-graph\">{\"@context\":\"https:\\\/\\\/schema.org\",\"@graph\":[{\"@type\":\"Article\",\"@id\":\"https:\\\/\\\/www.maison.fr\\\/blog\\\/norme-electrique-salle-de-bain\\\/#article\",\"isPartOf\":{\"@id\":\"https:\\\/\\\/www.maison.fr\\\/blog\\\/norme-electrique-salle-de-bain\\\/\"},\"author\":{\"name\":\"Marc\",\"@id\":\"https:\\\/\\\/www.maison.fr\\\/blog\\\/#\\\/schema\\\/person\\\/74e6112c401a4d05cfc2e7bee22a5e4f\"},\"headline\":\"\u00c9lectricit\u00e9 en salle de bains : les volumes, et ce que la norme \u00e9lectrique n'impose pas \u00e0 un logement existant\",\"datePublished\":\"2026-09-01T15:17:50+00:00\",\"dateModified\":\"2026-09-01T16:09:29+00:00\",\"mainEntityOfPage\":{\"@id\":\"https:\\\/\\\/www.maison.fr\\\/blog\\\/norme-electrique-salle-de-bain\\\/\"},\"wordCount\":1472,\"image\":{\"@id\":\"https:\\\/\\\/www.maison.fr\\\/blog\\\/norme-electrique-salle-de-bain\\\/#primaryimage\"},\"thumbnailUrl\":\"https:\\\/\\\/www.maison.fr\\\/blog\\\/wp-content\\\/uploads\\\/2026\\\/09\\\/norme-electrique-salle-de-bain.webp\",\"articleSection\":[\"Entretien du jardin\"],\"inLanguage\":\"fr-FR\"},{\"@type\":\"WebPage\",\"@id\":\"https:\\\/\\\/www.maison.fr\\\/blog\\\/norme-electrique-salle-de-bain\\\/\",\"url\":\"https:\\\/\\\/www.maison.fr\\\/blog\\\/norme-electrique-salle-de-bain\\\/\",\"name\":\"\u00c9lectricit\u00e9 en salle de bains : les volumes, et ce que la norme \u00e9lectrique n'impose pas \u00e0 un logement existant - Blog Maison\",\"isPartOf\":{\"@id\":\"https:\\\/\\\/www.maison.fr\\\/blog\\\/#website\"},\"primaryImageOfPage\":{\"@id\":\"https:\\\/\\\/www.maison.fr\\\/blog\\\/norme-electrique-salle-de-bain\\\/#primaryimage\"},\"image\":{\"@id\":\"https:\\\/\\\/www.maison.fr\\\/blog\\\/norme-electrique-salle-de-bain\\\/#primaryimage\"},\"thumbnailUrl\":\"https:\\\/\\\/www.maison.fr\\\/blog\\\/wp-content\\\/uploads\\\/2026\\\/09\\\/norme-electrique-salle-de-bain.webp\",\"datePublished\":\"2026-09-01T15:17:50+00:00\",\"dateModified\":\"2026-09-01T16:09:29+00:00\",\"author\":{\"@id\":\"https:\\\/\\\/www.maison.fr\\\/blog\\\/#\\\/schema\\\/person\\\/74e6112c401a4d05cfc2e7bee22a5e4f\"},\"breadcrumb\":{\"@id\":\"https:\\\/\\\/www.maison.fr\\\/blog\\\/norme-electrique-salle-de-bain\\\/#breadcrumb\"},\"inLanguage\":\"fr-FR\",\"potentialAction\":[{\"@type\":\"ReadAction\",\"target\":[\"https:\\\/\\\/www.maison.fr\\\/blog\\\/norme-electrique-salle-de-bain\\\/\"]}]},{\"@type\":\"ImageObject\",\"inLanguage\":\"fr-FR\",\"@id\":\"https:\\\/\\\/www.maison.fr\\\/blog\\\/norme-electrique-salle-de-bain\\\/#primaryimage\",\"url\":\"https:\\\/\\\/www.maison.fr\\\/blog\\\/wp-content\\\/uploads\\\/2026\\\/09\\\/norme-electrique-salle-de-bain.webp\",\"contentUrl\":\"https:\\\/\\\/www.maison.fr\\\/blog\\\/wp-content\\\/uploads\\\/2026\\\/09\\\/norme-electrique-salle-de-bain.webp\",\"width\":1200,\"height\":675,\"caption\":\"norme electrique salle de bain \u2014 \u00c9lectricit\u00e9 en salle de bains : les volumes, et ce que la norme \u00e9lectrique n&#039;impose pas \u00e0 un logement existant - Blog Maison\"},{\"@type\":\"BreadcrumbList\",\"@id\":\"https:\\\/\\\/www.maison.fr\\\/blog\\\/norme-electrique-salle-de-bain\\\/#breadcrumb\",\"itemListElement\":[{\"@type\":\"ListItem\",\"position\":1,\"name\":\"Accueil\",\"item\":\"https:\\\/\\\/www.maison.fr\\\/blog\\\/\"},{\"@type\":\"ListItem\",\"position\":2,\"name\":\"Entretien du jardin\",\"item\":\"https:\\\/\\\/www.maison.fr\\\/blog\\\/entretien-du-jardin\\\/\"},{\"@type\":\"ListItem\",\"position\":3,\"name\":\"\u00c9lectricit\u00e9 en salle de bains : les volumes, et ce que la norme \u00e9lectrique n'impose pas \u00e0 un logement existant\"}]},{\"@type\":\"WebSite\",\"@id\":\"https:\\\/\\\/www.maison.fr\\\/blog\\\/#website\",\"url\":\"https:\\\/\\\/www.maison.fr\\\/blog\\\/\",\"name\":\"Blog Maison\",\"description\":\"\",\"potentialAction\":[{\"@type\":\"SearchAction\",\"target\":{\"@type\":\"EntryPoint\",\"urlTemplate\":\"https:\\\/\\\/www.maison.fr\\\/blog\\\/?s={search_term_string}\"},\"query-input\":{\"@type\":\"PropertyValueSpecification\",\"valueRequired\":true,\"valueName\":\"search_term_string\"}}],\"inLanguage\":\"fr-FR\"},{\"@type\":\"Person\",\"@id\":\"https:\\\/\\\/www.maison.fr\\\/blog\\\/#\\\/schema\\\/person\\\/74e6112c401a4d05cfc2e7bee22a5e4f\",\"name\":\"Marc\",\"image\":{\"@type\":\"ImageObject\",\"inLanguage\":\"fr-FR\",\"@id\":\"https:\\\/\\\/secure.gravatar.com\\\/avatar\\\/527e323e730b20c61af29436a56262bbb4a3e4ffb0660b4bf78d3ff690bf02c1?s=96&d=mm&r=g\",\"url\":\"https:\\\/\\\/secure.gravatar.com\\\/avatar\\\/527e323e730b20c61af29436a56262bbb4a3e4ffb0660b4bf78d3ff690bf02c1?s=96&d=mm&r=g\",\"contentUrl\":\"https:\\\/\\\/secure.gravatar.com\\\/avatar\\\/527e323e730b20c61af29436a56262bbb4a3e4ffb0660b4bf78d3ff690bf02c1?s=96&d=mm&r=g\",\"caption\":\"Marc\"},\"sameAs\":[\"https:\\\/\\\/www.maison.fr\\\/blog\"],\"url\":\"https:\\\/\\\/www.maison.fr\\\/blog\\\/author\\\/scunadmin\\\/\"}]}<\/script>\n<!-- \/ Yoast SEO plugin. -->","yoast_head_json":{"title":"\u00c9lectricit\u00e9 en salle de bains : les volumes, et ce que la norme \u00e9lectrique n'impose pas \u00e0 un logement existant - Blog Maison","robots":{"index":"index","follow":"follow","max-snippet":"max-snippet:-1","max-image-preview":"max-image-preview:large","max-video-preview":"max-video-preview:-1"},"canonical":"https:\/\/www.maison.fr\/blog\/norme-electrique-salle-de-bain\/","og_locale":"fr_FR","og_type":"article","og_title":"\u00c9lectricit\u00e9 en salle de bains : les volumes, et ce que la norme \u00e9lectrique n'impose pas \u00e0 un logement existant - Blog Maison","og_description":"Norme \u00e9lectrique salle de bain : volumes 0, 1 et 2, indices IP et distances autour des points d'eau. Mise en s\u00e9curit\u00e9 d'un logement existant en 6 points.","og_url":"https:\/\/www.maison.fr\/blog\/norme-electrique-salle-de-bain\/","og_site_name":"Blog Maison","article_published_time":"2026-09-01T15:17:50+00:00","article_modified_time":"2026-09-01T16:09:29+00:00","author":"Marc","twitter_card":"summary_large_image","twitter_misc":{"\u00c9crit par":"Marc","Dur\u00e9e de lecture estim\u00e9e":"7 minutes"},"schema":{"@context":"https:\/\/schema.org","@graph":[{"@type":"Article","@id":"https:\/\/www.maison.fr\/blog\/norme-electrique-salle-de-bain\/#article","isPartOf":{"@id":"https:\/\/www.maison.fr\/blog\/norme-electrique-salle-de-bain\/"},"author":{"name":"Marc","@id":"https:\/\/www.maison.fr\/blog\/#\/schema\/person\/74e6112c401a4d05cfc2e7bee22a5e4f"},"headline":"\u00c9lectricit\u00e9 en salle de bains : les volumes, et ce que la norme \u00e9lectrique n'impose pas \u00e0 un logement existant","datePublished":"2026-09-01T15:17:50+00:00","dateModified":"2026-09-01T16:09:29+00:00","mainEntityOfPage":{"@id":"https:\/\/www.maison.fr\/blog\/norme-electrique-salle-de-bain\/"},"wordCount":1472,"image":{"@id":"https:\/\/www.maison.fr\/blog\/norme-electrique-salle-de-bain\/#primaryimage"},"thumbnailUrl":"https:\/\/www.maison.fr\/blog\/wp-content\/uploads\/2026\/09\/norme-electrique-salle-de-bain.webp","articleSection":["Entretien du jardin"],"inLanguage":"fr-FR"},{"@type":"WebPage","@id":"https:\/\/www.maison.fr\/blog\/norme-electrique-salle-de-bain\/","url":"https:\/\/www.maison.fr\/blog\/norme-electrique-salle-de-bain\/","name":"\u00c9lectricit\u00e9 en salle de bains : les volumes, et ce que la norme \u00e9lectrique n'impose pas \u00e0 un logement existant - Blog Maison","isPartOf":{"@id":"https:\/\/www.maison.fr\/blog\/#website"},"primaryImageOfPage":{"@id":"https:\/\/www.maison.fr\/blog\/norme-electrique-salle-de-bain\/#primaryimage"},"image":{"@id":"https:\/\/www.maison.fr\/blog\/norme-electrique-salle-de-bain\/#primaryimage"},"thumbnailUrl":"https:\/\/www.maison.fr\/blog\/wp-content\/uploads\/2026\/09\/norme-electrique-salle-de-bain.webp","datePublished":"2026-09-01T15:17:50+00:00","dateModified":"2026-09-01T16:09:29+00:00","author":{"@id":"https:\/\/www.maison.fr\/blog\/#\/schema\/person\/74e6112c401a4d05cfc2e7bee22a5e4f"},"breadcrumb":{"@id":"https:\/\/www.maison.fr\/blog\/norme-electrique-salle-de-bain\/#breadcrumb"},"inLanguage":"fr-FR","potentialAction":[{"@type":"ReadAction","target":["https:\/\/www.maison.fr\/blog\/norme-electrique-salle-de-bain\/"]}]},{"@type":"ImageObject","inLanguage":"fr-FR","@id":"https:\/\/www.maison.fr\/blog\/norme-electrique-salle-de-bain\/#primaryimage","url":"https:\/\/www.maison.fr\/blog\/wp-content\/uploads\/2026\/09\/norme-electrique-salle-de-bain.webp","contentUrl":"https:\/\/www.maison.fr\/blog\/wp-content\/uploads\/2026\/09\/norme-electrique-salle-de-bain.webp","width":1200,"height":675,"caption":"norme electrique salle de bain \u2014 \u00c9lectricit\u00e9 en salle de bains : les volumes, et ce que la norme \u00e9lectrique n&#039;impose pas \u00e0 un logement existant - Blog Maison"},{"@type":"BreadcrumbList","@id":"https:\/\/www.maison.fr\/blog\/norme-electrique-salle-de-bain\/#breadcrumb","itemListElement":[{"@type":"ListItem","position":1,"name":"Accueil","item":"https:\/\/www.maison.fr\/blog\/"},{"@type":"ListItem","position":2,"name":"Entretien du jardin","item":"https:\/\/www.maison.fr\/blog\/entretien-du-jardin\/"},{"@type":"ListItem","position":3,"name":"\u00c9lectricit\u00e9 en salle de bains : les volumes, et ce que la norme \u00e9lectrique n'impose pas \u00e0 un logement existant"}]},{"@type":"WebSite","@id":"https:\/\/www.maison.fr\/blog\/#website","url":"https:\/\/www.maison.fr\/blog\/","name":"Blog Maison","description":"","potentialAction":[{"@type":"SearchAction","target":{"@type":"EntryPoint","urlTemplate":"https:\/\/www.maison.fr\/blog\/?s={search_term_string}"},"query-input":{"@type":"PropertyValueSpecification","valueRequired":true,"valueName":"search_term_string"}}],"inLanguage":"fr-FR"},{"@type":"Person","@id":"https:\/\/www.maison.fr\/blog\/#\/schema\/person\/74e6112c401a4d05cfc2e7bee22a5e4f","name":"Marc","image":{"@type":"ImageObject","inLanguage":"fr-FR","@id":"https:\/\/secure.gravatar.com\/avatar\/527e323e730b20c61af29436a56262bbb4a3e4ffb0660b4bf78d3ff690bf02c1?s=96&d=mm&r=g","url":"https:\/\/secure.gravatar.com\/avatar\/527e323e730b20c61af29436a56262bbb4a3e4ffb0660b4bf78d3ff690bf02c1?s=96&d=mm&r=g","contentUrl":"https:\/\/secure.gravatar.com\/avatar\/527e323e730b20c61af29436a56262bbb4a3e4ffb0660b4bf78d3ff690bf02c1?s=96&d=mm&r=g","caption":"Marc"},"sameAs":["https:\/\/www.maison.fr\/blog"],"url":"https:\/\/www.maison.fr\/blog\/author\/scunadmin\/"}]}},"_links":{"self":[{"href":"https:\/\/www.maison.fr\/blog\/wp-json\/wp\/v2\/posts\/997","targetHints":{"allow":["GET"]}}],"collection":[{"href":"https:\/\/www.maison.fr\/blog\/wp-json\/wp\/v2\/posts"}],"about":[{"href":"https:\/\/www.maison.fr\/blog\/wp-json\/wp\/v2\/types\/post"}],"author":[{"embeddable":true,"href":"https:\/\/www.maison.fr\/blog\/wp-json\/wp\/v2\/users\/1"}],"replies":[{"embeddable":true,"href":"https:\/\/www.maison.fr\/blog\/wp-json\/wp\/v2\/comments?post=997"}],"version-history":[{"count":1,"href":"https:\/\/www.maison.fr\/blog\/wp-json\/wp\/v2\/posts\/997\/revisions"}],"predecessor-version":[{"id":1013,"href":"https:\/\/www.maison.fr\/blog\/wp-json\/wp\/v2\/posts\/997\/revisions\/1013"}],"wp:featuredmedia":[{"embeddable":true,"href":"https:\/\/www.maison.fr\/blog\/wp-json\/wp\/v2\/media\/1012"}],"wp:attachment":[{"href":"https:\/\/www.maison.fr\/blog\/wp-json\/wp\/v2\/media?parent=997"}],"wp:term":[{"taxonomy":"category","embeddable":true,"href":"https:\/\/www.maison.fr\/blog\/wp-json\/wp\/v2\/categories?post=997"},{"taxonomy":"post_tag","embeddable":true,"href":"https:\/\/www.maison.fr\/blog\/wp-json\/wp\/v2\/tags?post=997"}],"curies":[{"name":"wp","href":"https:\/\/api.w.org\/{rel}","templated":true}]}}