{"id":996,"date":"2026-09-01T17:17:49","date_gmt":"2026-09-01T15:17:49","guid":{"rendered":"https:\/\/www.maison.fr\/blog\/faience-salle-de-bain\/"},"modified":"2026-09-01T18:09:26","modified_gmt":"2026-09-01T16:09:26","slug":"faience-salle-de-bain","status":"publish","type":"post","link":"https:\/\/www.maison.fr\/blog\/faience-salle-de-bain\/","title":{"rendered":"Fa\u00efence salle de bain : le classement UPEC avant le style"},"content":{"rendered":"<p>Quand vous cherchez une fa\u00efence pour une salle de bain, les premi\u00e8res pages de r\u00e9sultats sont toutes des catalogues de revendeurs ou de fabricants. Toutes vous montrent des formats, des couleurs, des gammes aux noms commerciaux. Aucune ne vous donne le seul crit\u00e8re qui d\u00e9cide si le carreau va tenir dix ans dans une pi\u00e8ce humide : le classement UPEC du CSTB. Voici comment le lire, et pourquoi quatre lettres valent mieux qu&#x27;un nuancier.<\/p>\n<h2>Fa\u00efence, gr\u00e8s c\u00e9rame, carreau de ciment : ce que le mot recouvre vraiment<\/h2>\n<p>Le terme \u00ab fa\u00efence \u00bb d\u00e9signe stricto sensu un carreau de p\u00e2te argileuse \u00e9maill\u00e9e, r\u00e9serv\u00e9 aux murs. Sa porosit\u00e9 le rend impropre au sol, et sa r\u00e9sistance m\u00e9canique ne d\u00e9passe pas un usage domestique courant. Dans le langage des revendeurs comme dans les requ\u00eates des internautes, il couvre souvent tout carrelage mural, gr\u00e8s c\u00e9rame compris.<\/p>\n<p>Le gr\u00e8s c\u00e9rame est un mat\u00e9riau beaucoup plus dense, cuit \u00e0 plus haute temp\u00e9rature, qui existe en version pleine masse (la couleur traverse le carreau) ou \u00e9maill\u00e9e. Il peut aller au sol comme au mur, et sa r\u00e9sistance \u00e0 l&#x27;eau est intrins\u00e8quement sup\u00e9rieure \u00e0 celle d&#x27;une fa\u00efence classique. Le carreau de ciment, lui, est un produit d\u00e9coratif qui se patine : poreux, sensible aux acides, il exige un traitement hydrofuge et ol\u00e9ofuge r\u00e9gulier. En salle de bain, le choix se joue entre gr\u00e8s c\u00e9rame pleine masse et fa\u00efence \u00e9maill\u00e9e de bonne qualit\u00e9. Le classement UPEC tranche.<\/p>\n<h2>Le classement UPEC : quatre lettres qui disent si le carreau tient dans une pi\u00e8ce d&#x27;eau<\/h2>\n<p>Le classement UPEC est une certification du CSTB (Centre scientifique et technique du b\u00e2timent), relay\u00e9e par les distributeurs Point.P et Novoceram. Chaque lettre mesure une agression diff\u00e9rente que le carreau va subir.<\/p>\n<figure class=\"wp-block-table\">\n<table>\n<thead>\n<tr>\n<th>Lettre<\/th>\n<th>Ce qu&#x27;elle mesure<\/th>\n<th>Indices disponibles<\/th>\n<th>Minimum en salle de bain (mur courant)<\/th>\n<th>Minimum zone de douche (mur)<\/th>\n<\/tr>\n<\/thead>\n<tbody>\n<tr>\n<td>U<\/td>\n<td>Usure par la marche (abrasion)<\/td>\n<td>2, 2s, 3, 3s, 4 (l&#x27;indice 1 n&#x27;existe pas)<\/td>\n<td>U2 (pas de passage au sol)<\/td>\n<td>Sans objet (mur uniquement)<\/td>\n<\/tr>\n<tr>\n<td>P<\/td>\n<td>Poin\u00e7onnement (charge ponctuelle, talons, meubles)<\/td>\n<td>2, 3, 4<\/td>\n<td>P2<\/td>\n<td>P2<\/td>\n<\/tr>\n<tr>\n<td>E<\/td>\n<td>R\u00e9sistance \u00e0 l&#x27;eau et \u00e0 l&#x27;humidit\u00e9<\/td>\n<td>E1, E2, E3<\/td>\n<td>E3<\/td>\n<td>E3<\/td>\n<\/tr>\n<tr>\n<td>C<\/td>\n<td>R\u00e9sistance aux produits chimiques (d\u00e9tergents, eau de Javel)<\/td>\n<td>C0, C1, C2<\/td>\n<td>C2<\/td>\n<td>C2<\/td>\n<\/tr>\n<\/tbody>\n<\/table>\n<\/figure>\n<p>Le rep\u00e8re complet \u00e0 exiger pour un mur de salle de bain est <strong>U2P2E3C2<\/strong>. Sur un sol, l&#x27;exigence monte \u00e0 <strong>U3P3E3C2<\/strong>, le passage \u00e0 pieds nus ou en chaussons humides acc\u00e9l\u00e9rant l&#x27;usure et la glissance.<\/p>\n<p>Les indices E et C sont ceux qui comptent vraiment en salle de bain : c&#x27;est l&#x27;eau stagnante, la vapeur et les produits d&#x27;entretien qui d\u00e9gradent le rev\u00eatement, pas le frottement. Une fa\u00efence mal class\u00e9e en E pr\u00e9sentera des fissures de l&#x27;\u00e9mail en deux \u00e0 trois ans, surtout si la ventilation est insuffisante.<\/p>\n<h2>E3 et C2 : le rep\u00e8re de la salle de bain, et pourquoi il prime sur le format<\/h2>\n<p>Un carreau grand format (60 \u00d7 60 cm ou 120 \u00d7 60 cm) donne une surface plus lisse et r\u00e9duit le nombre de joints. C&#x27;est un avantage en entretien, mais il ne compense pas un mauvais classement E. La question \u00e0 poser au vendeur est pr\u00e9cise : \u00ab Quel est le code UPEC de ce carreau ? \u00bb Si la r\u00e9ponse est \u00ab il est garanti pour la salle de bain \u00bb, sans les quatre lettres, vous n&#x27;avez pas la donn\u00e9e qui compte.<\/p>\n<p>E3 signifie que le carreau r\u00e9siste \u00e0 une immersion prolong\u00e9e et \u00e0 une exposition continue \u00e0 l&#x27;humidit\u00e9, ce qui est le cas derri\u00e8re une paroi de douche ou \u00e0 proximit\u00e9 d&#x27;une baignoire. E2 accepte une humidit\u00e9 intermittente et convient \u00e0 un mur hors zone de projection directe. E1 est insuffisant dans une salle de bain, quelle que soit la ventilation. C2 garantit la r\u00e9sistance \u00e0 l&#x27;eau de Javel dilu\u00e9e et aux d\u00e9tergents d\u00e9sinfectants utilis\u00e9s pour l&#x27;entretien courant. C1 ne r\u00e9siste qu&#x27;aux produits m\u00e9nagers doux, sans garantie sur les d\u00e9tartrants plus agressifs.<\/p>\n<h2>Joints et \u00e9tanch\u00e9it\u00e9 : le point faible qui n&#x27;est jamais le carreau<\/h2>\n<p>Un carreau class\u00e9 E3C2 ne fera pas une salle de bain \u00e9tanche si les joints ne suivent pas. L&#x27;\u00e9tanch\u00e9it\u00e9 d&#x27;une paroi de douche repose sur trois couches successives : le support (panneau hydrofuge ou mortier hydrofug\u00e9), un syst\u00e8me d&#x27;\u00e9tanch\u00e9it\u00e9 liquide (SEL) ou une natte d&#x27;\u00e9tanch\u00e9it\u00e9, et le carrelage avec ses joints. Le carreau est la derni\u00e8re ligne, pas la seule.<\/p>\n<p>Les joints en ciment sont poreux. Sur un mur soumis \u00e0 des projections, le DTU 52.2 recommande un mortier-joint hydrofuge (classe CG2 WA selon la norme NF EN 13888). Dans une douche \u00e0 l&#x27;italienne, un joint \u00e9poxy est pr\u00e9f\u00e9rable : il n&#x27;absorbe pas l&#x27;eau et r\u00e9siste aux moisissures. Le co\u00fbt passe de 3 \u00e0 8 \u20ac le m\u00e8tre carr\u00e9 de joint en ciment \u00e0 10 \u00e0 20 \u20ac en \u00e9poxy, main-d&#x27;\u0153uvre comprise. Les joints silicone en p\u00e9riph\u00e9rie et aux angles ne dispensent pas de cette couche interm\u00e9diaire : le silicone est un joint de finition, pas un joint d&#x27;\u00e9tanch\u00e9it\u00e9 structurel.<\/p>\n<h2>Le mur noircit malgr\u00e9 tout : c&#x27;est la ventilation, et ce qu&#x27;elle ouvre comme droits<\/h2>\n<p>Une fa\u00efence E3C2 et des joints \u00e9poxy ne r\u00e8glent pas une condensation persistante. Si le mur noircit derri\u00e8re le s\u00e8che-serviettes ou dans les angles, le probl\u00e8me n&#x27;est pas le carreau : c&#x27;est l&#x27;humidit\u00e9 relative qui ne redescend pas. Apr\u00e8s usage, l&#x27;air de la salle de bain doit revenir \u00e0 un taux de 50 \u00e0 60 % d&#x27;humidit\u00e9 relative (l&#x27;optimum de confort et de pr\u00e9vention des moisissures se situe entre 45 et 55 %). Une VMC en bon \u00e9tat doit atteindre ce niveau en moins de trente minutes.<\/p>\n<p>La VMC simple flux hygror\u00e9glable n&#x27;est pas \u00e9ligible \u00e0 MaPrimeR\u00e9nov&#x27; en 2026 : le bar\u00e8me ne retient que la VMC double flux, et uniquement si elle est adoss\u00e9e \u00e0 un geste d&#x27;isolation des parois. La simple flux hygror\u00e9glable rel\u00e8ve des seules certificats d&#x27;\u00e9conomie d&#x27;\u00e9nergie (CEE, fiche BAR-TH-127), dont le montant est de l&#x27;ordre de 15 \u00e0 30 \u20ac par an pour un logement individuel. La diff\u00e9rence entre les deux dispositifs se chiffre \u00e0 environ 2 500 \u20ac d&#x27;aide publique : pr\u00e9ciser \u00ab simple flux \u00bb ou \u00ab double flux \u00bb n&#x27;est pas un d\u00e9tail. Notre article sur la <a href=\"\/vmc-hygroreglable\/\">VMC hygror\u00e9glable<\/a> d\u00e9taille les conditions d&#x27;\u00e9ligibilit\u00e9 et les d\u00e9bits r\u00e9glementaires par pi\u00e8ce (arr\u00eat\u00e9 du 24 mars 1982, articles 2 \u00e0 4).<\/p>\n<p>Enfin, l&#x27;installation \u00e9lectrique de la salle de bain suit les volumes 0, 1 et 2 d\u00e9finis par la NF C 15-100. Tout appareillage install\u00e9 \u00e0 proximit\u00e9 d&#x27;un rev\u00eatement mural refait doit respecter ces distances. Notre article sur la <a href=\"\/norme-electrique-salle-de-bain\/\">norme \u00e9lectrique en salle de bain<\/a> donne les indices IP requis par volume et les six points de contr\u00f4le pour une mise en s\u00e9curit\u00e9.<\/p>\n<h2>Questions fr\u00e9quentes<\/h2>\n<p><strong>Quelle est la meilleure fa\u00efence pour une salle de bain ?<\/strong><\/p>\n<p>Celle qui porte un classement UPEC U2P2E3C2 au minimum, garantissant une r\u00e9sistance \u00e0 l&#x27;immersion prolong\u00e9e (E3) et aux produits d&#x27;entretien (C2). Le gr\u00e8s c\u00e9rame pleine masse \u00e9maill\u00e9 remplit g\u00e9n\u00e9ralement ces conditions mieux qu&#x27;une fa\u00efence classique, mais la fiche produit prime sur l&#x27;appellation commerciale.<\/p>\n<p><strong>Quelle est la diff\u00e9rence entre le carrelage mural et la fa\u00efence ?<\/strong><\/p>\n<p>La fa\u00efence est une sous-cat\u00e9gorie du carrelage mural : c&#x27;est un carreau d&#x27;argile \u00e9maill\u00e9e r\u00e9serv\u00e9 aux murs. Le carrelage mural englobe aussi le gr\u00e8s c\u00e9rame, qui peut aller au sol comme au mur, et dont la densit\u00e9 et la r\u00e9sistance \u00e0 l&#x27;eau sont sup\u00e9rieures.<\/p>\n<p><strong>Quelle fa\u00efence pour une salle de bain moderne ?<\/strong><\/p>\n<p>Le crit\u00e8re technique reste le classement UPEC, pas le style. Une salle de bain moderne privil\u00e9gie souvent le grand format (60 \u00d7 60 cm ou plus) qui r\u00e9duit le nombre de joints. Pour des id\u00e9es d&#x27;am\u00e9nagement et les tendances d&#x27;agencement, notre article sur la <a href=\"\/salle-de-bain-moderne\/\">salle de bain moderne<\/a> fait le point sur les configurations actuelles.<\/p>\n<p><strong>Quelle est la fa\u00efence tendance pour la salle de bain ?<\/strong><\/p>\n<p>Les recherches associ\u00e9es des internautes portent sur les formats (petits carreaux, grand format, effet pierre) plut\u00f4t que sur des gammes de couleur. Aucune tendance ne dispense du classement E3C2 : un carreau effet pierre poreux trait\u00e9 uniquement en surface n&#x27;aura pas la m\u00eame dur\u00e9e de vie qu&#x27;un gr\u00e8s c\u00e9rame pleine masse class\u00e9. La tendance la plus durable est un format qui r\u00e9duit le nombre de joints, donc le nombre de points d&#x27;entr\u00e9e de l&#x27;humidit\u00e9.<\/p>\n","protected":false},"excerpt":{"rendered":"<p>Fa\u00efence salle de bain : le classement UPEC du CSTB (U2P2E3C2) d\u00e9cide de la tenue \u00e0 l'eau et aux produits. Joints, \u00e9tanch\u00e9it\u00e9 et ventilation expliqu\u00e9s.<\/p>\n","protected":false},"author":1,"featured_media":1010,"comment_status":"closed","ping_status":"","sticky":false,"template":"","format":"standard","meta":{"footnotes":""},"categories":[12],"tags":[],"class_list":["post-996","post","type-post","status-publish","format-standard","has-post-thumbnail","hentry","category-entretien-du-jardin"],"yoast_head":"<!-- This site is optimized with the Yoast SEO plugin v28.3 - https:\/\/yoast.com\/product\/yoast-seo-wordpress\/ -->\n<title>Fa\u00efence salle de bain : le classement UPEC avant le style - Blog Maison<\/title>\n<meta name=\"robots\" content=\"index, follow, max-snippet:-1, max-image-preview:large, max-video-preview:-1\" \/>\n<link rel=\"canonical\" href=\"https:\/\/www.maison.fr\/blog\/faience-salle-de-bain\/\" \/>\n<meta property=\"og:locale\" content=\"fr_FR\" \/>\n<meta property=\"og:type\" content=\"article\" \/>\n<meta property=\"og:title\" content=\"Fa\u00efence salle de bain : le classement UPEC avant le style - Blog Maison\" \/>\n<meta property=\"og:description\" content=\"Fa\u00efence salle de bain : le classement UPEC du CSTB (U2P2E3C2) d\u00e9cide de la tenue \u00e0 l&#039;eau et aux produits. Joints, \u00e9tanch\u00e9it\u00e9 et ventilation expliqu\u00e9s.\" \/>\n<meta property=\"og:url\" content=\"https:\/\/www.maison.fr\/blog\/faience-salle-de-bain\/\" \/>\n<meta property=\"og:site_name\" content=\"Blog Maison\" \/>\n<meta property=\"article:published_time\" content=\"2026-09-01T15:17:49+00:00\" \/>\n<meta property=\"article:modified_time\" content=\"2026-09-01T16:09:26+00:00\" \/>\n<meta name=\"author\" content=\"Marc\" \/>\n<meta name=\"twitter:card\" content=\"summary_large_image\" \/>\n<meta name=\"twitter:label1\" content=\"\u00c9crit par\" \/>\n\t<meta name=\"twitter:data1\" content=\"Marc\" \/>\n\t<meta name=\"twitter:label2\" content=\"Dur\u00e9e de lecture estim\u00e9e\" \/>\n\t<meta name=\"twitter:data2\" content=\"8 minutes\" \/>\n<script type=\"application\/ld+json\" class=\"yoast-schema-graph\">{\"@context\":\"https:\\\/\\\/schema.org\",\"@graph\":[{\"@type\":\"Article\",\"@id\":\"https:\\\/\\\/www.maison.fr\\\/blog\\\/faience-salle-de-bain\\\/#article\",\"isPartOf\":{\"@id\":\"https:\\\/\\\/www.maison.fr\\\/blog\\\/faience-salle-de-bain\\\/\"},\"author\":{\"name\":\"Marc\",\"@id\":\"https:\\\/\\\/www.maison.fr\\\/blog\\\/#\\\/schema\\\/person\\\/74e6112c401a4d05cfc2e7bee22a5e4f\"},\"headline\":\"Fa\u00efence salle de bain : le classement UPEC avant le style\",\"datePublished\":\"2026-09-01T15:17:49+00:00\",\"dateModified\":\"2026-09-01T16:09:26+00:00\",\"mainEntityOfPage\":{\"@id\":\"https:\\\/\\\/www.maison.fr\\\/blog\\\/faience-salle-de-bain\\\/\"},\"wordCount\":1549,\"image\":{\"@id\":\"https:\\\/\\\/www.maison.fr\\\/blog\\\/faience-salle-de-bain\\\/#primaryimage\"},\"thumbnailUrl\":\"https:\\\/\\\/www.maison.fr\\\/blog\\\/wp-content\\\/uploads\\\/2026\\\/09\\\/faience-salle-de-bain.webp\",\"articleSection\":[\"Entretien du jardin\"],\"inLanguage\":\"fr-FR\"},{\"@type\":\"WebPage\",\"@id\":\"https:\\\/\\\/www.maison.fr\\\/blog\\\/faience-salle-de-bain\\\/\",\"url\":\"https:\\\/\\\/www.maison.fr\\\/blog\\\/faience-salle-de-bain\\\/\",\"name\":\"Fa\u00efence salle de bain : le classement UPEC avant le style - Blog Maison\",\"isPartOf\":{\"@id\":\"https:\\\/\\\/www.maison.fr\\\/blog\\\/#website\"},\"primaryImageOfPage\":{\"@id\":\"https:\\\/\\\/www.maison.fr\\\/blog\\\/faience-salle-de-bain\\\/#primaryimage\"},\"image\":{\"@id\":\"https:\\\/\\\/www.maison.fr\\\/blog\\\/faience-salle-de-bain\\\/#primaryimage\"},\"thumbnailUrl\":\"https:\\\/\\\/www.maison.fr\\\/blog\\\/wp-content\\\/uploads\\\/2026\\\/09\\\/faience-salle-de-bain.webp\",\"datePublished\":\"2026-09-01T15:17:49+00:00\",\"dateModified\":\"2026-09-01T16:09:26+00:00\",\"author\":{\"@id\":\"https:\\\/\\\/www.maison.fr\\\/blog\\\/#\\\/schema\\\/person\\\/74e6112c401a4d05cfc2e7bee22a5e4f\"},\"breadcrumb\":{\"@id\":\"https:\\\/\\\/www.maison.fr\\\/blog\\\/faience-salle-de-bain\\\/#breadcrumb\"},\"inLanguage\":\"fr-FR\",\"potentialAction\":[{\"@type\":\"ReadAction\",\"target\":[\"https:\\\/\\\/www.maison.fr\\\/blog\\\/faience-salle-de-bain\\\/\"]}]},{\"@type\":\"ImageObject\",\"inLanguage\":\"fr-FR\",\"@id\":\"https:\\\/\\\/www.maison.fr\\\/blog\\\/faience-salle-de-bain\\\/#primaryimage\",\"url\":\"https:\\\/\\\/www.maison.fr\\\/blog\\\/wp-content\\\/uploads\\\/2026\\\/09\\\/faience-salle-de-bain.webp\",\"contentUrl\":\"https:\\\/\\\/www.maison.fr\\\/blog\\\/wp-content\\\/uploads\\\/2026\\\/09\\\/faience-salle-de-bain.webp\",\"width\":1200,\"height\":675,\"caption\":\"faience salle de bain \u2014 Fa\u00efence salle de bain : le classement UPEC avant le style - Blog Maison\"},{\"@type\":\"BreadcrumbList\",\"@id\":\"https:\\\/\\\/www.maison.fr\\\/blog\\\/faience-salle-de-bain\\\/#breadcrumb\",\"itemListElement\":[{\"@type\":\"ListItem\",\"position\":1,\"name\":\"Accueil\",\"item\":\"https:\\\/\\\/www.maison.fr\\\/blog\\\/\"},{\"@type\":\"ListItem\",\"position\":2,\"name\":\"Entretien du jardin\",\"item\":\"https:\\\/\\\/www.maison.fr\\\/blog\\\/entretien-du-jardin\\\/\"},{\"@type\":\"ListItem\",\"position\":3,\"name\":\"Fa\u00efence salle de bain : le classement UPEC avant le style\"}]},{\"@type\":\"WebSite\",\"@id\":\"https:\\\/\\\/www.maison.fr\\\/blog\\\/#website\",\"url\":\"https:\\\/\\\/www.maison.fr\\\/blog\\\/\",\"name\":\"Blog Maison\",\"description\":\"\",\"potentialAction\":[{\"@type\":\"SearchAction\",\"target\":{\"@type\":\"EntryPoint\",\"urlTemplate\":\"https:\\\/\\\/www.maison.fr\\\/blog\\\/?s={search_term_string}\"},\"query-input\":{\"@type\":\"PropertyValueSpecification\",\"valueRequired\":true,\"valueName\":\"search_term_string\"}}],\"inLanguage\":\"fr-FR\"},{\"@type\":\"Person\",\"@id\":\"https:\\\/\\\/www.maison.fr\\\/blog\\\/#\\\/schema\\\/person\\\/74e6112c401a4d05cfc2e7bee22a5e4f\",\"name\":\"Marc\",\"image\":{\"@type\":\"ImageObject\",\"inLanguage\":\"fr-FR\",\"@id\":\"https:\\\/\\\/secure.gravatar.com\\\/avatar\\\/527e323e730b20c61af29436a56262bbb4a3e4ffb0660b4bf78d3ff690bf02c1?s=96&d=mm&r=g\",\"url\":\"https:\\\/\\\/secure.gravatar.com\\\/avatar\\\/527e323e730b20c61af29436a56262bbb4a3e4ffb0660b4bf78d3ff690bf02c1?s=96&d=mm&r=g\",\"contentUrl\":\"https:\\\/\\\/secure.gravatar.com\\\/avatar\\\/527e323e730b20c61af29436a56262bbb4a3e4ffb0660b4bf78d3ff690bf02c1?s=96&d=mm&r=g\",\"caption\":\"Marc\"},\"sameAs\":[\"https:\\\/\\\/www.maison.fr\\\/blog\"],\"url\":\"https:\\\/\\\/www.maison.fr\\\/blog\\\/author\\\/scunadmin\\\/\"}]}<\/script>\n<!-- \/ Yoast SEO plugin. -->","yoast_head_json":{"title":"Fa\u00efence salle de bain : le classement UPEC avant le style - Blog Maison","robots":{"index":"index","follow":"follow","max-snippet":"max-snippet:-1","max-image-preview":"max-image-preview:large","max-video-preview":"max-video-preview:-1"},"canonical":"https:\/\/www.maison.fr\/blog\/faience-salle-de-bain\/","og_locale":"fr_FR","og_type":"article","og_title":"Fa\u00efence salle de bain : le classement UPEC avant le style - Blog Maison","og_description":"Fa\u00efence salle de bain : le classement UPEC du CSTB (U2P2E3C2) d\u00e9cide de la tenue \u00e0 l'eau et aux produits. Joints, \u00e9tanch\u00e9it\u00e9 et ventilation expliqu\u00e9s.","og_url":"https:\/\/www.maison.fr\/blog\/faience-salle-de-bain\/","og_site_name":"Blog Maison","article_published_time":"2026-09-01T15:17:49+00:00","article_modified_time":"2026-09-01T16:09:26+00:00","author":"Marc","twitter_card":"summary_large_image","twitter_misc":{"\u00c9crit par":"Marc","Dur\u00e9e de lecture estim\u00e9e":"8 minutes"},"schema":{"@context":"https:\/\/schema.org","@graph":[{"@type":"Article","@id":"https:\/\/www.maison.fr\/blog\/faience-salle-de-bain\/#article","isPartOf":{"@id":"https:\/\/www.maison.fr\/blog\/faience-salle-de-bain\/"},"author":{"name":"Marc","@id":"https:\/\/www.maison.fr\/blog\/#\/schema\/person\/74e6112c401a4d05cfc2e7bee22a5e4f"},"headline":"Fa\u00efence salle de bain : le classement UPEC avant le style","datePublished":"2026-09-01T15:17:49+00:00","dateModified":"2026-09-01T16:09:26+00:00","mainEntityOfPage":{"@id":"https:\/\/www.maison.fr\/blog\/faience-salle-de-bain\/"},"wordCount":1549,"image":{"@id":"https:\/\/www.maison.fr\/blog\/faience-salle-de-bain\/#primaryimage"},"thumbnailUrl":"https:\/\/www.maison.fr\/blog\/wp-content\/uploads\/2026\/09\/faience-salle-de-bain.webp","articleSection":["Entretien du jardin"],"inLanguage":"fr-FR"},{"@type":"WebPage","@id":"https:\/\/www.maison.fr\/blog\/faience-salle-de-bain\/","url":"https:\/\/www.maison.fr\/blog\/faience-salle-de-bain\/","name":"Fa\u00efence salle de bain : le classement UPEC avant le style - Blog Maison","isPartOf":{"@id":"https:\/\/www.maison.fr\/blog\/#website"},"primaryImageOfPage":{"@id":"https:\/\/www.maison.fr\/blog\/faience-salle-de-bain\/#primaryimage"},"image":{"@id":"https:\/\/www.maison.fr\/blog\/faience-salle-de-bain\/#primaryimage"},"thumbnailUrl":"https:\/\/www.maison.fr\/blog\/wp-content\/uploads\/2026\/09\/faience-salle-de-bain.webp","datePublished":"2026-09-01T15:17:49+00:00","dateModified":"2026-09-01T16:09:26+00:00","author":{"@id":"https:\/\/www.maison.fr\/blog\/#\/schema\/person\/74e6112c401a4d05cfc2e7bee22a5e4f"},"breadcrumb":{"@id":"https:\/\/www.maison.fr\/blog\/faience-salle-de-bain\/#breadcrumb"},"inLanguage":"fr-FR","potentialAction":[{"@type":"ReadAction","target":["https:\/\/www.maison.fr\/blog\/faience-salle-de-bain\/"]}]},{"@type":"ImageObject","inLanguage":"fr-FR","@id":"https:\/\/www.maison.fr\/blog\/faience-salle-de-bain\/#primaryimage","url":"https:\/\/www.maison.fr\/blog\/wp-content\/uploads\/2026\/09\/faience-salle-de-bain.webp","contentUrl":"https:\/\/www.maison.fr\/blog\/wp-content\/uploads\/2026\/09\/faience-salle-de-bain.webp","width":1200,"height":675,"caption":"faience salle de bain \u2014 Fa\u00efence salle de bain : le classement UPEC avant le style - Blog Maison"},{"@type":"BreadcrumbList","@id":"https:\/\/www.maison.fr\/blog\/faience-salle-de-bain\/#breadcrumb","itemListElement":[{"@type":"ListItem","position":1,"name":"Accueil","item":"https:\/\/www.maison.fr\/blog\/"},{"@type":"ListItem","position":2,"name":"Entretien du jardin","item":"https:\/\/www.maison.fr\/blog\/entretien-du-jardin\/"},{"@type":"ListItem","position":3,"name":"Fa\u00efence salle de bain : le classement UPEC avant le style"}]},{"@type":"WebSite","@id":"https:\/\/www.maison.fr\/blog\/#website","url":"https:\/\/www.maison.fr\/blog\/","name":"Blog Maison","description":"","potentialAction":[{"@type":"SearchAction","target":{"@type":"EntryPoint","urlTemplate":"https:\/\/www.maison.fr\/blog\/?s={search_term_string}"},"query-input":{"@type":"PropertyValueSpecification","valueRequired":true,"valueName":"search_term_string"}}],"inLanguage":"fr-FR"},{"@type":"Person","@id":"https:\/\/www.maison.fr\/blog\/#\/schema\/person\/74e6112c401a4d05cfc2e7bee22a5e4f","name":"Marc","image":{"@type":"ImageObject","inLanguage":"fr-FR","@id":"https:\/\/secure.gravatar.com\/avatar\/527e323e730b20c61af29436a56262bbb4a3e4ffb0660b4bf78d3ff690bf02c1?s=96&d=mm&r=g","url":"https:\/\/secure.gravatar.com\/avatar\/527e323e730b20c61af29436a56262bbb4a3e4ffb0660b4bf78d3ff690bf02c1?s=96&d=mm&r=g","contentUrl":"https:\/\/secure.gravatar.com\/avatar\/527e323e730b20c61af29436a56262bbb4a3e4ffb0660b4bf78d3ff690bf02c1?s=96&d=mm&r=g","caption":"Marc"},"sameAs":["https:\/\/www.maison.fr\/blog"],"url":"https:\/\/www.maison.fr\/blog\/author\/scunadmin\/"}]}},"_links":{"self":[{"href":"https:\/\/www.maison.fr\/blog\/wp-json\/wp\/v2\/posts\/996","targetHints":{"allow":["GET"]}}],"collection":[{"href":"https:\/\/www.maison.fr\/blog\/wp-json\/wp\/v2\/posts"}],"about":[{"href":"https:\/\/www.maison.fr\/blog\/wp-json\/wp\/v2\/types\/post"}],"author":[{"embeddable":true,"href":"https:\/\/www.maison.fr\/blog\/wp-json\/wp\/v2\/users\/1"}],"replies":[{"embeddable":true,"href":"https:\/\/www.maison.fr\/blog\/wp-json\/wp\/v2\/comments?post=996"}],"version-history":[{"count":1,"href":"https:\/\/www.maison.fr\/blog\/wp-json\/wp\/v2\/posts\/996\/revisions"}],"predecessor-version":[{"id":1011,"href":"https:\/\/www.maison.fr\/blog\/wp-json\/wp\/v2\/posts\/996\/revisions\/1011"}],"wp:featuredmedia":[{"embeddable":true,"href":"https:\/\/www.maison.fr\/blog\/wp-json\/wp\/v2\/media\/1010"}],"wp:attachment":[{"href":"https:\/\/www.maison.fr\/blog\/wp-json\/wp\/v2\/media?parent=996"}],"wp:term":[{"taxonomy":"category","embeddable":true,"href":"https:\/\/www.maison.fr\/blog\/wp-json\/wp\/v2\/categories?post=996"},{"taxonomy":"post_tag","embeddable":true,"href":"https:\/\/www.maison.fr\/blog\/wp-json\/wp\/v2\/tags?post=996"}],"curies":[{"name":"wp","href":"https:\/\/api.w.org\/{rel}","templated":true}]}}