{"id":974,"date":"2026-08-31T09:28:58","date_gmt":"2026-08-31T07:28:58","guid":{"rendered":"https:\/\/www.maison.fr\/blog\/?p=974"},"modified":"2026-08-31T09:28:59","modified_gmt":"2026-08-31T07:28:59","slug":"le-point-sur-lisolation-de-votre-maison-en-gironde","status":"publish","type":"post","link":"https:\/\/www.maison.fr\/blog\/le-point-sur-lisolation-de-votre-maison-en-gironde\/","title":{"rendered":"Le point sur l'isolation de votre maison en Gironde"},"content":{"rendered":"<div>\n<p><span>Nombreuses sont les personnes \u00e0 penser en Gironde que leur <strong>maison est difficile \u00e0 chauffer en hiver<\/strong> et qu'elles se trouvent \u00e9touffantes en \u00e9t\u00e9. Il faut dire que dans cette r\u00e9gion r\u00e8gne un climat oc\u00e9anique qui apporte son lot d'humidit\u00e9 ainsi que des variations de temp\u00e9rature tout au long de l'ann\u00e9e. Voil\u00e0 pourquoi une bonne isolation n'est plus un luxe dans la r\u00e9gion bordelaise. Si de nombreux propri\u00e9taires repoussent ce type de travaux, c'est parce qu'ils ne savent parfois pas vraiment par o\u00f9 commencer.\u00a0<\/span><\/p>\n<\/div>\n<div>\n<p><span>Voici donc quelques conseils \u00e0 retenir.\u00a0<\/span><\/p>\n<\/div>\n<div>\n<h2><span>Les fen\u00eatres comme maillon faible de l'isolation\u00a0<\/span><\/h2>\n<\/div>\n<div>\n<p><span>Lorsqu'on parle d'isolation, tr\u00e8s souvent, on pense \u00e0 des<strong> interventions au niveau des murs ou au niveau de la toiture<\/strong>. Mais saviez-vous que les fen\u00eatres repr\u00e9sentaient jusqu'\u00e0 15 % de d\u00e9perdition thermique lorsqu'un logement se trouvait mal isol\u00e9\u00a0? Les passages d'air froid en hiver et de chaleur en \u00e9t\u00e9 sont caus\u00e9s par diff\u00e9rentes situations telles que des menuiseries \u00e9quip\u00e9es de parois en simple vitrage pr\u00e9sentant des joints us\u00e9s. Le <\/span><a href=\"https:\/\/afa-menuiseries.artetfenetres.com\/adresses-magasins\/la-teste-de-buch-33260.php\"><span>remplacement de fen\u00eatres en Gironde<\/span><\/a><span> repr\u00e9sente une bonne solution pour les foyers souhaitant <strong>am\u00e9liorer leur confort tout en r\u00e9alisant des \u00e9conomies \u00e9nerg\u00e9tiques.\u00a0<\/strong><\/span><\/p>\n<\/div>\n<div>\n<p><span>De nos jours, il existe diff\u00e9rentes mani\u00e8res et diff\u00e9rents mat\u00e9riaux de menuiserie permettant de r\u00e9duire efficacement les ponts thermiques\u00a0:\u00a0<\/span><\/p>\n<\/div>\n<div>\n<ul>\n<li><span>le PVC\u00a0;\u00a0<\/span><\/li>\n<\/ul>\n<\/div>\n<div>\n<ul>\n<li><span>l'aluminium\u00a0;\u00a0<\/span><\/li>\n<\/ul>\n<\/div>\n<div>\n<ul>\n<li><span>le bois.\u00a0<\/span><\/li>\n<\/ul>\n<\/div>\n<div>\n<p><span>\u00c0 vous de choisir ensuite entre <strong>double et triple vitrage.<\/strong> Une chose est s\u00fbre, vous ressentez imm\u00e9diatement les effets positifs en \u00e9tant moins sujet \u00e0 des courants d'air, en b\u00e9n\u00e9ficiant d'une temp\u00e9rature int\u00e9rieure plus stable et en voyant vos factures de chauffage chuter de mani\u00e8re drastique.\u00a0<\/span><\/p>\n<figure class=\"image\"><img decoding=\"async\" src=\"https:\/\/www.maison.fr\/blog\/wp-content\/uploads\/2026\/08\/ee277d56ef098ecc625faa6e64327630.jpg\"><\/figure>\n<\/div>\n<div>\n<h2><span>Les b\u00e9n\u00e9fices d'une bonne isolation au quotidien\u00a0<\/span><\/h2>\n<\/div>\n<div>\n<p><span>Au-del\u00e0 du fait de profiter d'une <strong>temp\u00e9rature plus agr\u00e9able \u00e0 l'int\u00e9rieur<\/strong>, l'isolation de votre maison vous permet de r\u00e9duire la facture \u00e9nerg\u00e9tique jusqu'\u00e0 30 %, en fonction des travaux r\u00e9alis\u00e9s. Si vous vivez en ville ou si vous vous trouvez proche d'un axe routier un peu trop fr\u00e9quent\u00e9 \u00e0 votre go\u00fbt, d'un point de vue acoustique, vous b\u00e9n\u00e9ficiez d'un confort optimal apr\u00e8s travaux. \u00c0 l'int\u00e9rieur de votre habitat, la qualit\u00e9 de l'air se trouve meilleure avec une ventilation mieux contr\u00f4l\u00e9e.\u00a0<\/span><\/p>\n<\/div>\n<div>\n<p><span>Et si un jour vous d\u00e9cidez de mettre votre bien immobilier sur le march\u00e9, en b\u00e9n\u00e9ficiant d'un <strong>meilleur classement au niveau du diagnostic de performance \u00e9nerg\u00e9tique<\/strong>, la valeur de ce dernier augmente. Enfin, le fait de consommer moins d'\u00e9nergie vous permet de rejeter moins de CO2, ce qui repr\u00e9sente un geste pour l'environnement.\u00a0<\/span><\/p>\n<\/div>\n<div>\n<p><span>Gardez en t\u00eate que l'humidit\u00e9 est bel et bien pr\u00e9sente en Gironde. Une isolation performante aura tendance de ce fait, \u00e0 limiter les risques de condensation et de moisissure \u00e0 l'int\u00e9rieur de votre habitat. Concr\u00e8tement, ce dernier aura tendance \u00e0 mieux respirer, tout simplement.\u00a0<\/span><\/p>\n<\/div>\n<div>\n<h2><span>Le financement des travaux d'isolation\u00a0<\/span><\/h2>\n<\/div>\n<div>\n<p><span>Si le budget repr\u00e9sente un frein pour de nombreux propri\u00e9taires, ces derniers doivent savoir qu'il existe <strong>diff\u00e9rents dispositifs <\/strong>permettant d'\u00eatre accompagn\u00e9 et d'all\u00e9ger la facture.\u00a0<\/span><\/p>\n<\/div>\n<div>\n<h3><span>MaPrimeR\u00e9nov\u2019\u00a0<\/span><\/h3>\n<\/div>\n<div>\n<p><span>Il s'agit du principal coup de pouce de l'\u00e9tat permettant de <strong>r\u00e9aliser des travaux r\u00e9novation \u00e9nerg\u00e9tique<\/strong>. Ce dernier propose un montant variable, calcul\u00e9 en fonction de vos revenus et de la nature des travaux r\u00e9alis\u00e9s.\u00a0<\/span><\/p>\n<\/div>\n<div>\n<h3><span>Les Certificats d'\u00c9conomie d'\u00c9nergie\u00a0<\/span><\/h3>\n<\/div>\n<div>\n<p><span>Autrement connue sous l'acronyme <strong>CEE<\/strong>, cette aide est propos\u00e9e par les fournisseurs d'\u00e9nergie. Elle peut tout \u00e0 fait \u00eatre cumul\u00e9e avec d'autres aides.\u00a0<\/span><\/p>\n<\/div>\n<div>\n<h3><span>Le pr\u00eat \u00e0 taux 0\u00a0<\/span><\/h3>\n<\/div>\n<div>\n<p><span><strong>Le PTT est une aide r\u00e9serv\u00e9e aux primo-acc\u00e9dants<\/strong> ou aux m\u00e9nages disposant de revenus modestes. Cette solution permet de financer jusqu'\u00e0 50 000 euros de travaux sans avoir \u00e0 payer le moindre int\u00e9r\u00eat.\u00a0<\/span><\/p>\n<\/div>\n","protected":false},"excerpt":{"rendered":"<p>Nombreuses sont les personnes \u00e0 penser en Gironde que leur maison est difficile \u00e0 chauffer en hiver et qu'elles se trouvent \u00e9touffantes en \u00e9t\u00e9. Il faut dire que dans cette r\u00e9gion r\u00e8gne un climat oc\u00e9anique qui apporte son lot d'humidit\u00e9 ainsi que des variations de temp\u00e9rature tout au long de l'ann\u00e9e. Voil\u00e0 pourquoi une bonne [&hellip;]<\/p>\n","protected":false},"author":1,"featured_media":977,"comment_status":"closed","ping_status":"","sticky":false,"template":"","format":"standard","meta":{"footnotes":""},"categories":[7],"tags":[],"class_list":["post-974","post","type-post","status-publish","format-standard","has-post-thumbnail","hentry","category-travaux-disolation"],"yoast_head":"<!-- This site is optimized with the Yoast SEO plugin v28.3 - https:\/\/yoast.com\/product\/yoast-seo-wordpress\/ -->\n<title>Le point sur l&#039;isolation de votre maison en Gironde - Blog Maison<\/title>\n<meta name=\"robots\" content=\"index, follow, max-snippet:-1, max-image-preview:large, max-video-preview:-1\" \/>\n<link rel=\"canonical\" href=\"https:\/\/www.maison.fr\/blog\/le-point-sur-lisolation-de-votre-maison-en-gironde\/\" \/>\n<meta property=\"og:locale\" content=\"fr_FR\" \/>\n<meta property=\"og:type\" content=\"article\" \/>\n<meta property=\"og:title\" content=\"Le point sur l&#039;isolation de votre maison en Gironde - Blog Maison\" \/>\n<meta property=\"og:description\" content=\"Nombreuses sont les personnes \u00e0 penser en Gironde que leur maison est difficile \u00e0 chauffer en hiver et qu&#039;elles se trouvent \u00e9touffantes en \u00e9t\u00e9. Il faut dire que dans cette r\u00e9gion r\u00e8gne un climat oc\u00e9anique qui apporte son lot d&#039;humidit\u00e9 ainsi que des variations de temp\u00e9rature tout au long de l&#039;ann\u00e9e. Voil\u00e0 pourquoi une bonne [&hellip;]\" \/>\n<meta property=\"og:url\" content=\"https:\/\/www.maison.fr\/blog\/le-point-sur-lisolation-de-votre-maison-en-gironde\/\" \/>\n<meta property=\"og:site_name\" content=\"Blog Maison\" \/>\n<meta property=\"article:published_time\" content=\"2026-08-31T07:28:58+00:00\" \/>\n<meta property=\"article:modified_time\" content=\"2026-08-31T07:28:59+00:00\" \/>\n<meta property=\"og:image\" content=\"https:\/\/www.maison.fr\/blog\/wp-content\/uploads\/2026\/08\/ee277d56ef098ecc625faa6e64327630.jpg\" \/>\n<meta name=\"author\" content=\"Marc\" \/>\n<meta name=\"twitter:card\" content=\"summary_large_image\" \/>\n<meta name=\"twitter:label1\" content=\"\u00c9crit par\" \/>\n\t<meta name=\"twitter:data1\" content=\"Marc\" \/>\n\t<meta name=\"twitter:label2\" content=\"Dur\u00e9e de lecture estim\u00e9e\" \/>\n\t<meta name=\"twitter:data2\" content=\"3 minutes\" \/>\n<script type=\"application\/ld+json\" class=\"yoast-schema-graph\">{\"@context\":\"https:\\\/\\\/schema.org\",\"@graph\":[{\"@type\":\"Article\",\"@id\":\"https:\\\/\\\/www.maison.fr\\\/blog\\\/le-point-sur-lisolation-de-votre-maison-en-gironde\\\/#article\",\"isPartOf\":{\"@id\":\"https:\\\/\\\/www.maison.fr\\\/blog\\\/le-point-sur-lisolation-de-votre-maison-en-gironde\\\/\"},\"author\":{\"name\":\"Marc\",\"@id\":\"https:\\\/\\\/www.maison.fr\\\/blog\\\/#\\\/schema\\\/person\\\/74e6112c401a4d05cfc2e7bee22a5e4f\"},\"headline\":\"Le point sur l'isolation de votre maison en Gironde\",\"datePublished\":\"2026-08-31T07:28:58+00:00\",\"dateModified\":\"2026-08-31T07:28:59+00:00\",\"mainEntityOfPage\":{\"@id\":\"https:\\\/\\\/www.maison.fr\\\/blog\\\/le-point-sur-lisolation-de-votre-maison-en-gironde\\\/\"},\"wordCount\":679,\"image\":{\"@id\":\"https:\\\/\\\/www.maison.fr\\\/blog\\\/le-point-sur-lisolation-de-votre-maison-en-gironde\\\/#primaryimage\"},\"thumbnailUrl\":\"https:\\\/\\\/www.maison.fr\\\/blog\\\/wp-content\\\/uploads\\\/2026\\\/08\\\/le-point-sur-lisolation-de-votre-maison-en-gironde.jpg\",\"articleSection\":[\"Travaux d'isolation\"],\"inLanguage\":\"fr-FR\"},{\"@type\":\"WebPage\",\"@id\":\"https:\\\/\\\/www.maison.fr\\\/blog\\\/le-point-sur-lisolation-de-votre-maison-en-gironde\\\/\",\"url\":\"https:\\\/\\\/www.maison.fr\\\/blog\\\/le-point-sur-lisolation-de-votre-maison-en-gironde\\\/\",\"name\":\"Le point sur l'isolation de votre maison en Gironde - Blog Maison\",\"isPartOf\":{\"@id\":\"https:\\\/\\\/www.maison.fr\\\/blog\\\/#website\"},\"primaryImageOfPage\":{\"@id\":\"https:\\\/\\\/www.maison.fr\\\/blog\\\/le-point-sur-lisolation-de-votre-maison-en-gironde\\\/#primaryimage\"},\"image\":{\"@id\":\"https:\\\/\\\/www.maison.fr\\\/blog\\\/le-point-sur-lisolation-de-votre-maison-en-gironde\\\/#primaryimage\"},\"thumbnailUrl\":\"https:\\\/\\\/www.maison.fr\\\/blog\\\/wp-content\\\/uploads\\\/2026\\\/08\\\/le-point-sur-lisolation-de-votre-maison-en-gironde.jpg\",\"datePublished\":\"2026-08-31T07:28:58+00:00\",\"dateModified\":\"2026-08-31T07:28:59+00:00\",\"author\":{\"@id\":\"https:\\\/\\\/www.maison.fr\\\/blog\\\/#\\\/schema\\\/person\\\/74e6112c401a4d05cfc2e7bee22a5e4f\"},\"breadcrumb\":{\"@id\":\"https:\\\/\\\/www.maison.fr\\\/blog\\\/le-point-sur-lisolation-de-votre-maison-en-gironde\\\/#breadcrumb\"},\"inLanguage\":\"fr-FR\",\"potentialAction\":[{\"@type\":\"ReadAction\",\"target\":[\"https:\\\/\\\/www.maison.fr\\\/blog\\\/le-point-sur-lisolation-de-votre-maison-en-gironde\\\/\"]}]},{\"@type\":\"ImageObject\",\"inLanguage\":\"fr-FR\",\"@id\":\"https:\\\/\\\/www.maison.fr\\\/blog\\\/le-point-sur-lisolation-de-votre-maison-en-gironde\\\/#primaryimage\",\"url\":\"https:\\\/\\\/www.maison.fr\\\/blog\\\/wp-content\\\/uploads\\\/2026\\\/08\\\/le-point-sur-lisolation-de-votre-maison-en-gironde.jpg\",\"contentUrl\":\"https:\\\/\\\/www.maison.fr\\\/blog\\\/wp-content\\\/uploads\\\/2026\\\/08\\\/le-point-sur-lisolation-de-votre-maison-en-gironde.jpg\",\"width\":1920,\"height\":1080,\"caption\":\"Le point sur l'isolation de votre maison en Gironde\"},{\"@type\":\"BreadcrumbList\",\"@id\":\"https:\\\/\\\/www.maison.fr\\\/blog\\\/le-point-sur-lisolation-de-votre-maison-en-gironde\\\/#breadcrumb\",\"itemListElement\":[{\"@type\":\"ListItem\",\"position\":1,\"name\":\"Accueil\",\"item\":\"https:\\\/\\\/www.maison.fr\\\/blog\\\/\"},{\"@type\":\"ListItem\",\"position\":2,\"name\":\"Non class\u00e9\",\"item\":\"https:\\\/\\\/www.maison.fr\\\/blog\\\/non-classe\\\/\"},{\"@type\":\"ListItem\",\"position\":3,\"name\":\"Le point sur l'isolation de votre maison en Gironde\"}]},{\"@type\":\"WebSite\",\"@id\":\"https:\\\/\\\/www.maison.fr\\\/blog\\\/#website\",\"url\":\"https:\\\/\\\/www.maison.fr\\\/blog\\\/\",\"name\":\"Blog Maison\",\"description\":\"\",\"potentialAction\":[{\"@type\":\"SearchAction\",\"target\":{\"@type\":\"EntryPoint\",\"urlTemplate\":\"https:\\\/\\\/www.maison.fr\\\/blog\\\/?s={search_term_string}\"},\"query-input\":{\"@type\":\"PropertyValueSpecification\",\"valueRequired\":true,\"valueName\":\"search_term_string\"}}],\"inLanguage\":\"fr-FR\"},{\"@type\":\"Person\",\"@id\":\"https:\\\/\\\/www.maison.fr\\\/blog\\\/#\\\/schema\\\/person\\\/74e6112c401a4d05cfc2e7bee22a5e4f\",\"name\":\"Marc\",\"image\":{\"@type\":\"ImageObject\",\"inLanguage\":\"fr-FR\",\"@id\":\"https:\\\/\\\/secure.gravatar.com\\\/avatar\\\/527e323e730b20c61af29436a56262bbb4a3e4ffb0660b4bf78d3ff690bf02c1?s=96&d=mm&r=g\",\"url\":\"https:\\\/\\\/secure.gravatar.com\\\/avatar\\\/527e323e730b20c61af29436a56262bbb4a3e4ffb0660b4bf78d3ff690bf02c1?s=96&d=mm&r=g\",\"contentUrl\":\"https:\\\/\\\/secure.gravatar.com\\\/avatar\\\/527e323e730b20c61af29436a56262bbb4a3e4ffb0660b4bf78d3ff690bf02c1?s=96&d=mm&r=g\",\"caption\":\"Marc\"},\"sameAs\":[\"https:\\\/\\\/www.maison.fr\\\/blog\"],\"url\":\"https:\\\/\\\/www.maison.fr\\\/blog\\\/author\\\/scunadmin\\\/\"}]}<\/script>\n<!-- \/ Yoast SEO plugin. -->","yoast_head_json":{"title":"Le point sur l'isolation de votre maison en Gironde - Blog Maison","robots":{"index":"index","follow":"follow","max-snippet":"max-snippet:-1","max-image-preview":"max-image-preview:large","max-video-preview":"max-video-preview:-1"},"canonical":"https:\/\/www.maison.fr\/blog\/le-point-sur-lisolation-de-votre-maison-en-gironde\/","og_locale":"fr_FR","og_type":"article","og_title":"Le point sur l'isolation de votre maison en Gironde - Blog Maison","og_description":"Nombreuses sont les personnes \u00e0 penser en Gironde que leur maison est difficile \u00e0 chauffer en hiver et qu'elles se trouvent \u00e9touffantes en \u00e9t\u00e9. Il faut dire que dans cette r\u00e9gion r\u00e8gne un climat oc\u00e9anique qui apporte son lot d'humidit\u00e9 ainsi que des variations de temp\u00e9rature tout au long de l'ann\u00e9e. Voil\u00e0 pourquoi une bonne [&hellip;]","og_url":"https:\/\/www.maison.fr\/blog\/le-point-sur-lisolation-de-votre-maison-en-gironde\/","og_site_name":"Blog Maison","article_published_time":"2026-08-31T07:28:58+00:00","article_modified_time":"2026-08-31T07:28:59+00:00","og_image":[{"url":"https:\/\/www.maison.fr\/blog\/wp-content\/uploads\/2026\/08\/ee277d56ef098ecc625faa6e64327630.jpg","type":"","width":"","height":""}],"author":"Marc","twitter_card":"summary_large_image","twitter_misc":{"\u00c9crit par":"Marc","Dur\u00e9e de lecture estim\u00e9e":"3 minutes"},"schema":{"@context":"https:\/\/schema.org","@graph":[{"@type":"Article","@id":"https:\/\/www.maison.fr\/blog\/le-point-sur-lisolation-de-votre-maison-en-gironde\/#article","isPartOf":{"@id":"https:\/\/www.maison.fr\/blog\/le-point-sur-lisolation-de-votre-maison-en-gironde\/"},"author":{"name":"Marc","@id":"https:\/\/www.maison.fr\/blog\/#\/schema\/person\/74e6112c401a4d05cfc2e7bee22a5e4f"},"headline":"Le point sur l'isolation de votre maison en Gironde","datePublished":"2026-08-31T07:28:58+00:00","dateModified":"2026-08-31T07:28:59+00:00","mainEntityOfPage":{"@id":"https:\/\/www.maison.fr\/blog\/le-point-sur-lisolation-de-votre-maison-en-gironde\/"},"wordCount":679,"image":{"@id":"https:\/\/www.maison.fr\/blog\/le-point-sur-lisolation-de-votre-maison-en-gironde\/#primaryimage"},"thumbnailUrl":"https:\/\/www.maison.fr\/blog\/wp-content\/uploads\/2026\/08\/le-point-sur-lisolation-de-votre-maison-en-gironde.jpg","articleSection":["Travaux d'isolation"],"inLanguage":"fr-FR"},{"@type":"WebPage","@id":"https:\/\/www.maison.fr\/blog\/le-point-sur-lisolation-de-votre-maison-en-gironde\/","url":"https:\/\/www.maison.fr\/blog\/le-point-sur-lisolation-de-votre-maison-en-gironde\/","name":"Le point sur l'isolation de votre maison en Gironde - Blog Maison","isPartOf":{"@id":"https:\/\/www.maison.fr\/blog\/#website"},"primaryImageOfPage":{"@id":"https:\/\/www.maison.fr\/blog\/le-point-sur-lisolation-de-votre-maison-en-gironde\/#primaryimage"},"image":{"@id":"https:\/\/www.maison.fr\/blog\/le-point-sur-lisolation-de-votre-maison-en-gironde\/#primaryimage"},"thumbnailUrl":"https:\/\/www.maison.fr\/blog\/wp-content\/uploads\/2026\/08\/le-point-sur-lisolation-de-votre-maison-en-gironde.jpg","datePublished":"2026-08-31T07:28:58+00:00","dateModified":"2026-08-31T07:28:59+00:00","author":{"@id":"https:\/\/www.maison.fr\/blog\/#\/schema\/person\/74e6112c401a4d05cfc2e7bee22a5e4f"},"breadcrumb":{"@id":"https:\/\/www.maison.fr\/blog\/le-point-sur-lisolation-de-votre-maison-en-gironde\/#breadcrumb"},"inLanguage":"fr-FR","potentialAction":[{"@type":"ReadAction","target":["https:\/\/www.maison.fr\/blog\/le-point-sur-lisolation-de-votre-maison-en-gironde\/"]}]},{"@type":"ImageObject","inLanguage":"fr-FR","@id":"https:\/\/www.maison.fr\/blog\/le-point-sur-lisolation-de-votre-maison-en-gironde\/#primaryimage","url":"https:\/\/www.maison.fr\/blog\/wp-content\/uploads\/2026\/08\/le-point-sur-lisolation-de-votre-maison-en-gironde.jpg","contentUrl":"https:\/\/www.maison.fr\/blog\/wp-content\/uploads\/2026\/08\/le-point-sur-lisolation-de-votre-maison-en-gironde.jpg","width":1920,"height":1080,"caption":"Le point sur l'isolation de votre maison en Gironde"},{"@type":"BreadcrumbList","@id":"https:\/\/www.maison.fr\/blog\/le-point-sur-lisolation-de-votre-maison-en-gironde\/#breadcrumb","itemListElement":[{"@type":"ListItem","position":1,"name":"Accueil","item":"https:\/\/www.maison.fr\/blog\/"},{"@type":"ListItem","position":2,"name":"Non class\u00e9","item":"https:\/\/www.maison.fr\/blog\/non-classe\/"},{"@type":"ListItem","position":3,"name":"Le point sur l'isolation de votre maison en Gironde"}]},{"@type":"WebSite","@id":"https:\/\/www.maison.fr\/blog\/#website","url":"https:\/\/www.maison.fr\/blog\/","name":"Blog Maison","description":"","potentialAction":[{"@type":"SearchAction","target":{"@type":"EntryPoint","urlTemplate":"https:\/\/www.maison.fr\/blog\/?s={search_term_string}"},"query-input":{"@type":"PropertyValueSpecification","valueRequired":true,"valueName":"search_term_string"}}],"inLanguage":"fr-FR"},{"@type":"Person","@id":"https:\/\/www.maison.fr\/blog\/#\/schema\/person\/74e6112c401a4d05cfc2e7bee22a5e4f","name":"Marc","image":{"@type":"ImageObject","inLanguage":"fr-FR","@id":"https:\/\/secure.gravatar.com\/avatar\/527e323e730b20c61af29436a56262bbb4a3e4ffb0660b4bf78d3ff690bf02c1?s=96&d=mm&r=g","url":"https:\/\/secure.gravatar.com\/avatar\/527e323e730b20c61af29436a56262bbb4a3e4ffb0660b4bf78d3ff690bf02c1?s=96&d=mm&r=g","contentUrl":"https:\/\/secure.gravatar.com\/avatar\/527e323e730b20c61af29436a56262bbb4a3e4ffb0660b4bf78d3ff690bf02c1?s=96&d=mm&r=g","caption":"Marc"},"sameAs":["https:\/\/www.maison.fr\/blog"],"url":"https:\/\/www.maison.fr\/blog\/author\/scunadmin\/"}]}},"_links":{"self":[{"href":"https:\/\/www.maison.fr\/blog\/wp-json\/wp\/v2\/posts\/974","targetHints":{"allow":["GET"]}}],"collection":[{"href":"https:\/\/www.maison.fr\/blog\/wp-json\/wp\/v2\/posts"}],"about":[{"href":"https:\/\/www.maison.fr\/blog\/wp-json\/wp\/v2\/types\/post"}],"author":[{"embeddable":true,"href":"https:\/\/www.maison.fr\/blog\/wp-json\/wp\/v2\/users\/1"}],"replies":[{"embeddable":true,"href":"https:\/\/www.maison.fr\/blog\/wp-json\/wp\/v2\/comments?post=974"}],"version-history":[{"count":1,"href":"https:\/\/www.maison.fr\/blog\/wp-json\/wp\/v2\/posts\/974\/revisions"}],"predecessor-version":[{"id":976,"href":"https:\/\/www.maison.fr\/blog\/wp-json\/wp\/v2\/posts\/974\/revisions\/976"}],"wp:featuredmedia":[{"embeddable":true,"href":"https:\/\/www.maison.fr\/blog\/wp-json\/wp\/v2\/media\/977"}],"wp:attachment":[{"href":"https:\/\/www.maison.fr\/blog\/wp-json\/wp\/v2\/media?parent=974"}],"wp:term":[{"taxonomy":"category","embeddable":true,"href":"https:\/\/www.maison.fr\/blog\/wp-json\/wp\/v2\/categories?post=974"},{"taxonomy":"post_tag","embeddable":true,"href":"https:\/\/www.maison.fr\/blog\/wp-json\/wp\/v2\/tags?post=974"}],"curies":[{"name":"wp","href":"https:\/\/api.w.org\/{rel}","templated":true}]}}