{"id":705,"date":"2026-03-06T09:12:53","date_gmt":"2026-03-06T08:12:53","guid":{"rendered":"https:\/\/www.maison.fr\/blog\/?p=705"},"modified":"2026-03-05T09:16:36","modified_gmt":"2026-03-05T08:16:36","slug":"pergola-bioclimatique-comment-choisir","status":"publish","type":"post","link":"https:\/\/www.maison.fr\/blog\/pergola-bioclimatique-comment-choisir\/","title":{"rendered":"Pergola bioclimatique : comment choisir le mod\u00e8le adapt\u00e9 \u00e0 sa maison"},"content":{"rendered":"<p>Une <strong>pergola bioclimatique<\/strong> r\u00e9gule naturellement la lumi\u00e8re et la ventilation gr\u00e2ce \u00e0 ses lames orientables. C\u2019est ce m\u00e9canisme qui la distingue d\u2019une pergola classique ou d\u2019un simple store banne. Reste la question centrale\u00a0: parmi les dizaines de mod\u00e8les disponibles \u2014 <strong>adoss\u00e9e<\/strong> ou <strong>autoport\u00e9e<\/strong>, <strong>aluminium<\/strong> ou <strong>bois<\/strong>, <strong>en kit<\/strong> ou <strong>sur mesure<\/strong> \u2014 lequel convient r\u00e9ellement \u00e0 votre terrasse, \u00e0 votre climat et \u00e0 votre budget ?<\/p>\n<h2>Avoir une pergola bioclimatique : \u00e0 quoi \u00e7a sert ?<\/h2>\n<p>Le principe est simple\u00a0: des <strong>lames orientables<\/strong>, g\u00e9n\u00e9ralement en aluminium, pivotent sur un axe pour moduler le passage de la lumi\u00e8re, de l\u2019air et de la pluie. En position ouverte (lames \u00e0 plat), la pergola laisse passer le soleil et la brise. En position ferm\u00e9e, elle forme un toit \u00e9tanche qui prot\u00e8ge de la pluie et du soleil direct. La plupart des mod\u00e8les permettent un r\u00e9glage continu entre 0\u00b0 et 160\u00b0, ce qui offre un contr\u00f4le fin de l\u2019ombrage au fil de la journ\u00e9e.<\/p>\n<p>La motorisation est un crit\u00e8re \u00e0 trancher d\u00e8s le d\u00e9part. Les <strong>pergolas bioclimatiques<\/strong> motoris\u00e9es s\u2019actionnent par t\u00e9l\u00e9commande ou application mobile, certaines int\u00e8grent un capteur de pluie ou de vent qui ferme automatiquement les lames. Les versions manuelles, moins co\u00fbteuses, fonctionnent par manivelle ou cr\u00e9maill\u00e8re. Elles conviennent aux petites surfaces o\u00f9 le r\u00e9glage reste ponctuel, mais deviennent contraignantes au-del\u00e0 de 12\u00a0m\u00b2 de toiture.<\/p>\n<p><img loading=\"lazy\" decoding=\"async\" class=\"aligncenter size-large wp-image-707\" src=\"https:\/\/www.maison.fr\/blog\/wp-content\/uploads\/2026\/03\/Pergola-bioclimatique-maison-guide-achat-et-installation-1-1024x585.webp\" alt=\"\" width=\"1024\" height=\"585\" srcset=\"https:\/\/www.maison.fr\/blog\/wp-content\/uploads\/2026\/03\/Pergola-bioclimatique-maison-guide-achat-et-installation-1-1024x585.webp 1024w, https:\/\/www.maison.fr\/blog\/wp-content\/uploads\/2026\/03\/Pergola-bioclimatique-maison-guide-achat-et-installation-1-300x171.webp 300w, https:\/\/www.maison.fr\/blog\/wp-content\/uploads\/2026\/03\/Pergola-bioclimatique-maison-guide-achat-et-installation-1-768x439.webp 768w, https:\/\/www.maison.fr\/blog\/wp-content\/uploads\/2026\/03\/Pergola-bioclimatique-maison-guide-achat-et-installation-1.webp 1344w\" sizes=\"auto, (max-width: 1024px) 100vw, 1024px\" \/><\/p>\n<h2>Adoss\u00e9e ou autoport\u00e9e\u00a0: deux configurations, deux usages<\/h2>\n<h3>La pergola adoss\u00e9e<\/h3>\n<p>Une <strong>pergola bioclimatique adoss\u00e9e<\/strong> se fixe directement sur la fa\u00e7ade de la maison, g\u00e9n\u00e9ralement au-dessus d\u2019une baie vitr\u00e9e ou d\u2019une porte-fen\u00eatre. Elle prolonge l\u2019espace de vie int\u00e9rieur vers l\u2019ext\u00e9rieur et cr\u00e9e une zone de transition abrit\u00e9e. C\u2019est la configuration la plus r\u00e9pandue en r\u00e9novation, pour une raison pratique\u00a0: la structure ne repose que sur deux poteaux au lieu de quatre, le mur porteur assurant l\u2019ancrage arri\u00e8re.<\/p>\n<p>Ce montage impose toutefois des contraintes. Le mur d\u2019appui doit \u00eatre porteur et en bon \u00e9tat (pas de cr\u00e9pis friable, pas d\u2019isolation ext\u00e9rieure trop \u00e9paisse au point de fixation). L\u2019\u00e9tanch\u00e9it\u00e9 \u00e0 la jonction mur-pergola est un point critique\u00a0: un solin mal pos\u00e9 ou un joint silicone insuffisant provoque des infiltrations qui d\u00e9gradent \u00e0 la fois la fa\u00e7ade et la structure. Avant l\u2019achat, il est conseill\u00e9 de faire v\u00e9rifier la nature du mur par un professionnel si vous avez le moindre doute.<\/p>\n<h3>La pergola autoport\u00e9e<\/h3>\n<p>La <strong>pergola bioclimatique autoport\u00e9e<\/strong> repose sur quatre poteaux ind\u00e9pendants. Elle s\u2019installe n\u2019importe o\u00f9 dans le jardin\u00a0: au bord d\u2019une piscine, au milieu d\u2019une pelouse, sur une terrasse d\u00e9tach\u00e9e. Cette libert\u00e9 de positionnement permet d\u2019optimiser l\u2019orientation par rapport au soleil, ind\u00e9pendamment de la fa\u00e7ade de la maison.<\/p>\n<p>La contrepartie, c\u2019est le co\u00fbt et les fondations. Quatre poteaux signifient quatre plots b\u00e9ton ou quatre platines d\u2019ancrage, et un budget global sup\u00e9rieur de 15 \u00e0 25\u00a0% par rapport \u00e0 un mod\u00e8le adoss\u00e9 de m\u00eame surface. La stabilit\u00e9 au vent est \u00e9galement plus exigeante\u00a0: sans le mur comme appui, la structure doit r\u00e9sister seule aux rafales, ce qui impose des sections de poteaux plus importantes ou un lestage adapt\u00e9.<\/p>\n<h2>Aluminium, bois, acier\u00a0: quel mat\u00e9riau pour quelle dur\u00e9e de vie<\/h2>\n<p>Le mat\u00e9riau de la structure d\u00e9termine la dur\u00e9e de vie, l\u2019entretien et le rendu esth\u00e9tique de la <strong>pergola bioclimatique<\/strong>. Trois options dominent le march\u00e9, avec des \u00e9carts de prix et de contraintes significatifs.<\/p>\n<table width=\"624\">\n<tbody>\n<tr>\n<td width=\"147\"><strong>Crit\u00e8re<\/strong><\/td>\n<td width=\"160\"><strong>Aluminium<\/strong><\/td>\n<td width=\"160\"><strong>Bois<\/strong><\/td>\n<td width=\"157\"><strong>Acier \/ fer forg\u00e9<\/strong><\/td>\n<\/tr>\n<tr>\n<td width=\"147\">Dur\u00e9e de vie<\/td>\n<td width=\"160\">30 ans et +<\/td>\n<td width=\"160\">15-25 ans (entretenu)<\/td>\n<td width=\"157\">20-30 ans (trait\u00e9)<\/td>\n<\/tr>\n<tr>\n<td width=\"147\">Entretien<\/td>\n<td width=\"160\">Nettoyage eau savonneuse 1x\/an<\/td>\n<td width=\"160\">Lasure ou saturateur tous les 2-3 ans<\/td>\n<td width=\"157\">Antirouille tous les 3-5 ans<\/td>\n<\/tr>\n<tr>\n<td width=\"147\">Poids<\/td>\n<td width=\"160\">L\u00e9ger (facilite la pose)<\/td>\n<td width=\"160\">Lourd (douglas, ch\u00eane)<\/td>\n<td width=\"157\">Tr\u00e8s lourd<\/td>\n<\/tr>\n<tr>\n<td width=\"147\">Esth\u00e9tique<\/td>\n<td width=\"160\">Contemporaine, lignes fines<\/td>\n<td width=\"160\">Chaleureuse, rustique<\/td>\n<td width=\"157\">Classique, ouvrag\u00e9e<\/td>\n<\/tr>\n<tr>\n<td width=\"147\">Fourchette de prix (3x4 m)<\/td>\n<td width=\"160\">3\u00a0000 \u2013 12\u00a0000 \u20ac<\/td>\n<td width=\"160\">4\u00a0000 \u2013 10\u00a0000 \u20ac<\/td>\n<td width=\"157\">5\u00a0000 \u2013 15\u00a0000 \u20ac<\/td>\n<\/tr>\n<tr>\n<td width=\"147\">Compatibilit\u00e9 lames orientables<\/td>\n<td width=\"160\">Native (quasi tous les fabricants)<\/td>\n<td width=\"160\">Possible mais rare<\/td>\n<td width=\"157\">Sur mesure uniquement<\/td>\n<\/tr>\n<\/tbody>\n<\/table>\n<p>L\u2019<strong>aluminium<\/strong> s\u2019est impos\u00e9 comme le mat\u00e9riau de r\u00e9f\u00e9rence pour les pergolas bioclimatiques. Sa l\u00e9g\u00e8ret\u00e9 simplifie la pose, sa r\u00e9sistance \u00e0 la corrosion \u00e9limine la contrainte d\u2019entretien lourd, et il se pr\u00eate mieux que tout autre mat\u00e9riau \u00e0 l\u2019int\u00e9gration de lames orientables motoris\u00e9es. Le thermolaquage offre par ailleurs un large choix de coloris (RAL) qui s\u2019harmonisent avec les menuiseries existantes.<\/p>\n<p>Le <strong>bois<\/strong> reste pertinent pour les maisons de style traditionnel ou les projets o\u00f9 l\u2019int\u00e9gration paysag\u00e8re prime. Les essences les plus utilis\u00e9es sont le douglas, le c\u00e8dre rouge et le pin trait\u00e9 classe 4. Le syst\u00e8me de lames orientables est cependant plus difficile \u00e0 int\u00e9grer dans une structure bois, ce qui explique que la plupart des <strong>pergolas bioclimatiques en bois<\/strong> adoptent en r\u00e9alit\u00e9 une structure mixte\u00a0: poteaux et traverses en bois, toiture \u00e0 lames en aluminium.<\/p>\n<h2>Pergola en kit ou sur mesure : ce que chaque formule propose<\/h2>\n<p>La <strong>pergola bioclimatique en kit<\/strong> se vend pr\u00e9assembl\u00e9e, avec des dimensions standardis\u00e9es (3\u00d73\u00a0m, 3\u00d74\u00a0m, 4\u00d76\u00a0m). Elle co\u00fbte g\u00e9n\u00e9ralement entre 2\u00a0500 et 6\u00a0000\u00a0\u20ac pour un mod\u00e8le en aluminium motoris\u00e9. L\u2019avantage principal est \u00e9conomique\u00a0: les dimensions fixes permettent une fabrication en s\u00e9rie, ce qui r\u00e9duit le co\u00fbt unitaire. L\u2019inconv\u00e9nient, c\u2019est que les dimensions ne correspondent pas toujours \u00e0 celles de la terrasse, ce qui peut laisser des espaces morts ou d\u00e9border sur la pelouse.<\/p>\n<p>La <strong>pergola bioclimatique sur mesure<\/strong> est fabriqu\u00e9e aux cotes exactes de votre espace. Elle co\u00fbte en moyenne 30 \u00e0 50\u00a0% de plus qu\u2019un kit \u00e9quivalent, mais elle s\u2019int\u00e8gre parfaitement \u00e0 l\u2019architecture existante. Le sur mesure devient quasi indispensable dans trois cas\u00a0: terrasse en L ou en angle, fa\u00e7ade non rectiligne, ou hauteur sous poutre inf\u00e9rieure \u00e0 2,20\u00a0m (fronton d\u2019immeuble, balcon d\u2019\u00e9tage). Le d\u00e9lai de fabrication est g\u00e9n\u00e9ralement de 4 \u00e0 8 semaines selon le fabricant.<\/p>\n<p>Quel que soit le format choisi, v\u00e9rifiez syst\u00e9matiquement trois points avant la commande\u00a0:<\/p>\n<ul>\n<li>La garantie structure (10 ans minimum pour l\u2019aluminium, 5 ans pour la motorisation)\u00a0;<\/li>\n<li>La conformit\u00e9 \u00e0 la norme NF EN 1991 (charges de neige et de vent), particuli\u00e8rement critique dans les r\u00e9gions expos\u00e9es\u00a0;<\/li>\n<li>L\u2019inclusion ou non de la pose dans le devis \u2014 un \u00e9cart de 1\u00a0500 \u00e0 3\u00a0000\u00a0\u20ac qui fausse souvent les comparaisons entre offres.<\/li>\n<\/ul>\n<h2>Dimensions, emprise au sol et r\u00e9glementation<\/h2>\n<p>La taille de la <strong>pergola bioclimatique<\/strong> d\u00e9pend avant tout de l\u2019usage pr\u00e9vu. Pour un salon de jardin 4 places, une surface de 9 \u00e0 12\u00a0m\u00b2 suffit (format <strong>3\u00d73 m<\/strong> ou <strong>3\u00d74 m<\/strong>). Pour une table de 8 convives avec espace de circulation, il faut viser 18 \u00e0 24\u00a0m\u00b2 (format <strong>4\u00d76 m<\/strong> ou <strong>6\u00d74 m<\/strong>). Pr\u00e9voyez \u00e9galement une hauteur libre sous traverse d\u2019au moins 2,30\u00a0m pour un confort de passage, davantage si vous envisagez de <a href=\"https:\/\/www.maison.fr\/blog\/plante-grimpante-pour-pergola\/\">v\u00e9g\u00e9taliser les montants avec des plantes grimpantes<\/a> qui gagneront en volume au fil des ann\u00e9es.<\/p>\n<p>C\u00f4t\u00e9 r\u00e9glementation, les r\u00e8gles d\u2019urbanisme d\u00e9pendent de l\u2019emprise au sol. Selon le <a href=\"https:\/\/www.legifrance.gouv.fr\/codes\/section_lc\/LEGITEXT000006074075\/LEGISCTA000006175980\/\">Code de l\u2019urbanisme (articles R.421-2 \u00e0 R.421-17)<\/a>, une pergola de moins de 5\u00a0m\u00b2 n\u2019exige aucune formalit\u00e9. Entre 5 et 20\u00a0m\u00b2, une d\u00e9claration pr\u00e9alable de travaux est obligatoire. Au-del\u00e0 de 20\u00a0m\u00b2, un permis de construire est n\u00e9cessaire. Ces seuils peuvent \u00eatre relev\u00e9s \u00e0 40\u00a0m\u00b2 si la parcelle se situe dans une zone urbaine couverte par un PLU. V\u00e9rifiez toujours le plan local d\u2019urbanisme en mairie avant de commander.<\/p>\n<h2>Lames orientables, r\u00e9tractables ou fixes\u00a0: quelle technologie privil\u00e9gier<\/h2>\n<p>Les <strong>lames orientables<\/strong> constituent le standard de la pergola bioclimatique. Elles pivotent sur place et offrent un r\u00e9glage progressif de l\u2019ombrage. C\u2019est la technologie la plus r\u00e9pandue, la plus fiable m\u00e9caniquement et la moins sujette aux pannes. La majorit\u00e9 des fabricants proposent des lames en aluminium extrud\u00e9, d\u2019une largeur de 14 \u00e0 20\u00a0cm selon les mod\u00e8les.<\/p>\n<p>Les <strong>lames r\u00e9tractables<\/strong> vont un cran plus loin\u00a0: elles s\u2019empilent \u00e0 une extr\u00e9mit\u00e9 de la structure pour d\u00e9gager enti\u00e8rement le toit. Le r\u00e9sultat est spectaculaire \u2014 on passe d\u2019un toit ferm\u00e9 \u00e0 un ciel ouvert en quelques secondes. Mais cette technologie est plus co\u00fbteuse (comptez 20 \u00e0 40\u00a0% de plus qu\u2019un mod\u00e8le \u00e0 lames orientables simples) et implique un m\u00e9canisme plus complexe, donc potentiellement plus de maintenance. Le poids des lames empil\u00e9es exerce aussi une contrainte m\u00e9canique suppl\u00e9mentaire sur la traverse d\u2019accueil, ce qui limite les grandes port\u00e9es sans poteau interm\u00e9diaire.<\/p>\n<p>Quant aux pergolas dites \u00ab\u00a0bioclimatiques\u00a0\u00bb \u00e0 lames fixes, vendues \u00e0 bas prix en grande surface de bricolage, elles ne m\u00e9ritent pas vraiment l\u2019appellation. Sans orientation possible, elles n\u2019offrent aucun r\u00e9glage de l\u2019ombrage et se comportent comme une simple toiture ajour\u00e9e. Si le budget est contraint, mieux vaut investir dans un mod\u00e8le \u00e0 <strong>lames orientables manuelles<\/strong> qu\u2019opter pour des lames fixes qui n\u2019apportent aucune r\u00e9elle plus-value bioclimatique.<\/p>\n<p><img loading=\"lazy\" decoding=\"async\" class=\"aligncenter size-large wp-image-706\" src=\"https:\/\/www.maison.fr\/blog\/wp-content\/uploads\/2026\/03\/Pergola-bioclimatique-maison-guide-achat-et-installation-2-1024x585.webp\" alt=\"\" width=\"1024\" height=\"585\" srcset=\"https:\/\/www.maison.fr\/blog\/wp-content\/uploads\/2026\/03\/Pergola-bioclimatique-maison-guide-achat-et-installation-2-1024x585.webp 1024w, https:\/\/www.maison.fr\/blog\/wp-content\/uploads\/2026\/03\/Pergola-bioclimatique-maison-guide-achat-et-installation-2-300x171.webp 300w, https:\/\/www.maison.fr\/blog\/wp-content\/uploads\/2026\/03\/Pergola-bioclimatique-maison-guide-achat-et-installation-2-768x439.webp 768w, https:\/\/www.maison.fr\/blog\/wp-content\/uploads\/2026\/03\/Pergola-bioclimatique-maison-guide-achat-et-installation-2.webp 1344w\" sizes=\"auto, (max-width: 1024px) 100vw, 1024px\" \/><\/p>\n<h2>Budget : combien co\u00fbte r\u00e9ellement une pergola bioclimatique ?<\/h2>\n<p>Les <strong>prix d\u2019une pergola bioclimatique<\/strong> varient selon le format, le mat\u00e9riau, les options et la pose. Voici les fourchettes constat\u00e9es en 2025 pour une structure aluminium \u00e0 lames orientables motoris\u00e9es :<\/p>\n<ul>\n<li>Kit standard (3\u00d73 ou 3\u00d74\u00a0m), hors pose\u00a0: 2\u00a0500 \u00e0 5\u00a0000\u00a0\u20ac\u00a0;<\/li>\n<li>Kit grand format (4\u00d76 m ou 6\u00d74\u00a0m), hors pose\u00a0: 5\u00a0000 \u00e0 9\u00a0000\u00a0\u20ac\u00a0;<\/li>\n<li>Sur mesure, fourniture seule\u00a0: 6\u00a0000 \u00e0 15\u00a0000\u00a0\u20ac selon dimensions et finitions\u00a0;<\/li>\n<li>Pose professionnelle\u00a0: 1\u00a0500 \u00e0 3\u00a0500\u00a0\u20ac selon la complexit\u00e9 du chantier.<\/li>\n<\/ul>\n<p>Les kits d\u2019entr\u00e9e de gamme vendus en grande surface \u00e0 moins de 2\u00a0000\u00a0\u20ac sont souvent \u00e9quip\u00e9s de lames en polycarbonate ou en aluminium tr\u00e8s fin, avec une motorisation bas co\u00fbt sans capteur. Leur durabilit\u00e9 est nettement inf\u00e9rieure et le SAV quasi inexistant. \u00c0 ce niveau de prix, il est pr\u00e9f\u00e9rable de se tourner vers un store banne motoris\u00e9 de bonne qualit\u00e9, qui remplira mieux sa fonction d\u2019ombrage.<\/p>\n<p>En mati\u00e8re de fiscalit\u00e9, la pose d\u2019une pergola bioclimatique par un professionnel permet de b\u00e9n\u00e9ficier du taux de TVA r\u00e9duit \u00e0 10\u00a0% (au lieu de 20\u00a0%) si le logement a plus de deux ans et que la fourniture et la pose sont factur\u00e9es par la m\u00eame entreprise. En revanche, la pergola ne donne actuellement droit \u00e0 aucun cr\u00e9dit d\u2019imp\u00f4t ni aide \u00e9nerg\u00e9tique (MaPrimeR\u00e9nov\u2019 ou CEE), contrairement \u00e0 ce qu\u2019affirment certains sites commerciaux.<\/p>\n<h2>Pose par un pro ou montage soi-m\u00eame\u00a0: \u00e0 quoi s\u2019attendre<\/h2>\n<p>Le montage d\u2019une <strong>pergola bioclimatique en kit<\/strong> est accessible \u00e0 un bricoleur exp\u00e9riment\u00e9, \u00e0 condition de disposer de deux personnes et d\u2019un outillage adapt\u00e9 (perforateur, niveau laser, cl\u00e9 dynamom\u00e9trique). Comptez une journ\u00e9e compl\u00e8te pour un mod\u00e8le adoss\u00e9 standard et un jour et demi \u00e0 deux jours pour un mod\u00e8le autoport\u00e9 avec plots b\u00e9ton.<\/p>\n<p>La pose professionnelle est recommand\u00e9e dans trois situations\u00a0: si le sol n\u2019est pas de niveau (terrain en pente, terrasse d\u00e9form\u00e9e), si la structure est adoss\u00e9e \u00e0 un mur en pierre ou en mat\u00e9riau ancien (risque de fissuration au per\u00e7age), ou si le mod\u00e8le d\u00e9passe 20\u00a0m\u00b2 (poids et port\u00e9es qui exigent un calage pr\u00e9cis). Dans tous les cas, la pose par un professionnel conditionne l\u2019acc\u00e8s \u00e0 la garantie d\u00e9cennale et \u00e0 l\u2019assurance du fabricant \u2014 un point souvent oubli\u00e9 dans l\u2019arbitrage entre \u00e9conomie imm\u00e9diate et s\u00e9curit\u00e9 juridique.<\/p>\n<p>Quel que soit le mode de pose, pr\u00e9voyez l\u2019alimentation \u00e9lectrique en amont. La motorisation des lames n\u00e9cessite une arriv\u00e9e 230V prot\u00e9g\u00e9e par un diff\u00e9rentiel 30\u00a0mA, id\u00e9alement anticip\u00e9e au stade du gros \u0153uvre ou tir\u00e9e dans une gaine ext\u00e9rieure \u00e9tanche. Les options d\u2019\u00e9clairage et de chauffage demandent un dimensionnement \u00e9lectrique suppl\u00e9mentaire qu\u2019il vaut mieux confier \u00e0 un \u00e9lectricien.<\/p>\n","protected":false},"excerpt":{"rendered":"<p>Une pergola bioclimatique r\u00e9gule naturellement la lumi\u00e8re et la ventilation gr\u00e2ce \u00e0 ses lames orientables. C\u2019est ce m\u00e9canisme qui la distingue d\u2019une pergola classique ou d\u2019un simple store banne. Reste la question centrale\u00a0: parmi les dizaines de mod\u00e8les disponibles \u2014 adoss\u00e9e ou autoport\u00e9e, aluminium ou bois, en kit ou sur mesure \u2014 lequel convient r\u00e9ellement [&hellip;]<\/p>\n","protected":false},"author":1,"featured_media":708,"comment_status":"closed","ping_status":"closed","sticky":false,"template":"","format":"standard","meta":{"footnotes":""},"categories":[12],"tags":[],"class_list":["post-705","post","type-post","status-publish","format-standard","has-post-thumbnail","hentry","category-entretien-du-jardin"],"yoast_head":"<!-- This site is optimized with the Yoast SEO plugin v27.5 - https:\/\/yoast.com\/product\/yoast-seo-wordpress\/ -->\n<title>Pergola bioclimatique : comment choisir le bon mod\u00e8le ?<\/title>\n<meta name=\"description\" content=\"Adoss\u00e9e ou autoport\u00e9e, aluminium ou bois, en kit ou sur mesure : crit\u00e8res pour choisir une pergola bioclimatique adapt\u00e9e \u00e0 votre terrasse.\" \/>\n<meta name=\"robots\" content=\"index, follow, max-snippet:-1, max-image-preview:large, max-video-preview:-1\" \/>\n<link rel=\"canonical\" href=\"https:\/\/www.maison.fr\/blog\/pergola-bioclimatique-comment-choisir\/\" \/>\n<meta property=\"og:locale\" content=\"fr_FR\" \/>\n<meta property=\"og:type\" content=\"article\" \/>\n<meta property=\"og:title\" content=\"Pergola bioclimatique : comment choisir le bon mod\u00e8le ?\" \/>\n<meta property=\"og:description\" content=\"Adoss\u00e9e ou autoport\u00e9e, aluminium ou bois, en kit ou sur mesure : crit\u00e8res pour choisir une pergola bioclimatique adapt\u00e9e \u00e0 votre terrasse.\" \/>\n<meta property=\"og:url\" content=\"https:\/\/www.maison.fr\/blog\/pergola-bioclimatique-comment-choisir\/\" \/>\n<meta property=\"og:site_name\" content=\"Blog Maison\" \/>\n<meta property=\"article:published_time\" content=\"2026-03-06T08:12:53+00:00\" \/>\n<meta property=\"og:image\" content=\"https:\/\/www.maison.fr\/blog\/wp-content\/uploads\/2026\/03\/Pergola-bioclimatique-maison-guide-achat-et-installation.webp\" \/>\n\t<meta property=\"og:image:width\" content=\"1344\" \/>\n\t<meta property=\"og:image:height\" content=\"768\" \/>\n\t<meta property=\"og:image:type\" content=\"image\/webp\" \/>\n<meta name=\"author\" content=\"Marc\" \/>\n<meta name=\"twitter:card\" content=\"summary_large_image\" \/>\n<meta name=\"twitter:label1\" content=\"\u00c9crit par\" \/>\n\t<meta name=\"twitter:data1\" content=\"Marc\" \/>\n\t<meta name=\"twitter:label2\" content=\"Dur\u00e9e de lecture estim\u00e9e\" \/>\n\t<meta name=\"twitter:data2\" content=\"11 minutes\" \/>\n<script type=\"application\/ld+json\" class=\"yoast-schema-graph\">{\"@context\":\"https:\\\/\\\/schema.org\",\"@graph\":[{\"@type\":\"Article\",\"@id\":\"https:\\\/\\\/www.maison.fr\\\/blog\\\/pergola-bioclimatique-comment-choisir\\\/#article\",\"isPartOf\":{\"@id\":\"https:\\\/\\\/www.maison.fr\\\/blog\\\/pergola-bioclimatique-comment-choisir\\\/\"},\"author\":{\"name\":\"Marc\",\"@id\":\"https:\\\/\\\/www.maison.fr\\\/blog\\\/#\\\/schema\\\/person\\\/74e6112c401a4d05cfc2e7bee22a5e4f\"},\"headline\":\"Pergola bioclimatique : comment choisir le mod\u00e8le adapt\u00e9 \u00e0 sa maison\",\"datePublished\":\"2026-03-06T08:12:53+00:00\",\"mainEntityOfPage\":{\"@id\":\"https:\\\/\\\/www.maison.fr\\\/blog\\\/pergola-bioclimatique-comment-choisir\\\/\"},\"wordCount\":1993,\"image\":{\"@id\":\"https:\\\/\\\/www.maison.fr\\\/blog\\\/pergola-bioclimatique-comment-choisir\\\/#primaryimage\"},\"thumbnailUrl\":\"https:\\\/\\\/www.maison.fr\\\/blog\\\/wp-content\\\/uploads\\\/2026\\\/03\\\/Pergola-bioclimatique-maison-guide-achat-et-installation.webp\",\"articleSection\":[\"Entretien du jardin\"],\"inLanguage\":\"fr-FR\"},{\"@type\":\"WebPage\",\"@id\":\"https:\\\/\\\/www.maison.fr\\\/blog\\\/pergola-bioclimatique-comment-choisir\\\/\",\"url\":\"https:\\\/\\\/www.maison.fr\\\/blog\\\/pergola-bioclimatique-comment-choisir\\\/\",\"name\":\"Pergola bioclimatique : comment choisir le bon mod\u00e8le ?\",\"isPartOf\":{\"@id\":\"https:\\\/\\\/www.maison.fr\\\/blog\\\/#website\"},\"primaryImageOfPage\":{\"@id\":\"https:\\\/\\\/www.maison.fr\\\/blog\\\/pergola-bioclimatique-comment-choisir\\\/#primaryimage\"},\"image\":{\"@id\":\"https:\\\/\\\/www.maison.fr\\\/blog\\\/pergola-bioclimatique-comment-choisir\\\/#primaryimage\"},\"thumbnailUrl\":\"https:\\\/\\\/www.maison.fr\\\/blog\\\/wp-content\\\/uploads\\\/2026\\\/03\\\/Pergola-bioclimatique-maison-guide-achat-et-installation.webp\",\"datePublished\":\"2026-03-06T08:12:53+00:00\",\"author\":{\"@id\":\"https:\\\/\\\/www.maison.fr\\\/blog\\\/#\\\/schema\\\/person\\\/74e6112c401a4d05cfc2e7bee22a5e4f\"},\"description\":\"Adoss\u00e9e ou autoport\u00e9e, aluminium ou bois, en kit ou sur mesure : crit\u00e8res pour choisir une pergola bioclimatique adapt\u00e9e \u00e0 votre terrasse.\",\"breadcrumb\":{\"@id\":\"https:\\\/\\\/www.maison.fr\\\/blog\\\/pergola-bioclimatique-comment-choisir\\\/#breadcrumb\"},\"inLanguage\":\"fr-FR\",\"potentialAction\":[{\"@type\":\"ReadAction\",\"target\":[\"https:\\\/\\\/www.maison.fr\\\/blog\\\/pergola-bioclimatique-comment-choisir\\\/\"]}]},{\"@type\":\"ImageObject\",\"inLanguage\":\"fr-FR\",\"@id\":\"https:\\\/\\\/www.maison.fr\\\/blog\\\/pergola-bioclimatique-comment-choisir\\\/#primaryimage\",\"url\":\"https:\\\/\\\/www.maison.fr\\\/blog\\\/wp-content\\\/uploads\\\/2026\\\/03\\\/Pergola-bioclimatique-maison-guide-achat-et-installation.webp\",\"contentUrl\":\"https:\\\/\\\/www.maison.fr\\\/blog\\\/wp-content\\\/uploads\\\/2026\\\/03\\\/Pergola-bioclimatique-maison-guide-achat-et-installation.webp\",\"width\":1344,\"height\":768,\"caption\":\"d\u00e9couvrez notre guide complet pour l'achat et l'installation d'une pergola bioclimatique adapt\u00e9e \u00e0 votre maison. profitez de conseils pratiques, des avantages d'une telle structure, et des informations essentielles pour transformer votre espace ext\u00e9rieur en un lieu de d\u00e9tente confortable et esth\u00e9tique.\"},{\"@type\":\"BreadcrumbList\",\"@id\":\"https:\\\/\\\/www.maison.fr\\\/blog\\\/pergola-bioclimatique-comment-choisir\\\/#breadcrumb\",\"itemListElement\":[{\"@type\":\"ListItem\",\"position\":1,\"name\":\"Accueil\",\"item\":\"https:\\\/\\\/www.maison.fr\\\/blog\\\/\"},{\"@type\":\"ListItem\",\"position\":2,\"name\":\"Entretien du jardin\",\"item\":\"https:\\\/\\\/www.maison.fr\\\/blog\\\/entretien-du-jardin\\\/\"},{\"@type\":\"ListItem\",\"position\":3,\"name\":\"Pergola bioclimatique : comment choisir le mod\u00e8le adapt\u00e9 \u00e0 sa maison\"}]},{\"@type\":\"WebSite\",\"@id\":\"https:\\\/\\\/www.maison.fr\\\/blog\\\/#website\",\"url\":\"https:\\\/\\\/www.maison.fr\\\/blog\\\/\",\"name\":\"Blog Maison\",\"description\":\"\",\"potentialAction\":[{\"@type\":\"SearchAction\",\"target\":{\"@type\":\"EntryPoint\",\"urlTemplate\":\"https:\\\/\\\/www.maison.fr\\\/blog\\\/?s={search_term_string}\"},\"query-input\":{\"@type\":\"PropertyValueSpecification\",\"valueRequired\":true,\"valueName\":\"search_term_string\"}}],\"inLanguage\":\"fr-FR\"},{\"@type\":\"Person\",\"@id\":\"https:\\\/\\\/www.maison.fr\\\/blog\\\/#\\\/schema\\\/person\\\/74e6112c401a4d05cfc2e7bee22a5e4f\",\"name\":\"Marc\",\"image\":{\"@type\":\"ImageObject\",\"inLanguage\":\"fr-FR\",\"@id\":\"https:\\\/\\\/secure.gravatar.com\\\/avatar\\\/527e323e730b20c61af29436a56262bbb4a3e4ffb0660b4bf78d3ff690bf02c1?s=96&d=mm&r=g\",\"url\":\"https:\\\/\\\/secure.gravatar.com\\\/avatar\\\/527e323e730b20c61af29436a56262bbb4a3e4ffb0660b4bf78d3ff690bf02c1?s=96&d=mm&r=g\",\"contentUrl\":\"https:\\\/\\\/secure.gravatar.com\\\/avatar\\\/527e323e730b20c61af29436a56262bbb4a3e4ffb0660b4bf78d3ff690bf02c1?s=96&d=mm&r=g\",\"caption\":\"Marc\"},\"sameAs\":[\"https:\\\/\\\/www.maison.fr\\\/blog\"],\"url\":\"https:\\\/\\\/www.maison.fr\\\/blog\\\/author\\\/scunadmin\\\/\"}]}<\/script>\n<!-- \/ Yoast SEO plugin. -->","yoast_head_json":{"title":"Pergola bioclimatique : comment choisir le bon mod\u00e8le ?","description":"Adoss\u00e9e ou autoport\u00e9e, aluminium ou bois, en kit ou sur mesure : crit\u00e8res pour choisir une pergola bioclimatique adapt\u00e9e \u00e0 votre terrasse.","robots":{"index":"index","follow":"follow","max-snippet":"max-snippet:-1","max-image-preview":"max-image-preview:large","max-video-preview":"max-video-preview:-1"},"canonical":"https:\/\/www.maison.fr\/blog\/pergola-bioclimatique-comment-choisir\/","og_locale":"fr_FR","og_type":"article","og_title":"Pergola bioclimatique : comment choisir le bon mod\u00e8le ?","og_description":"Adoss\u00e9e ou autoport\u00e9e, aluminium ou bois, en kit ou sur mesure : crit\u00e8res pour choisir une pergola bioclimatique adapt\u00e9e \u00e0 votre terrasse.","og_url":"https:\/\/www.maison.fr\/blog\/pergola-bioclimatique-comment-choisir\/","og_site_name":"Blog Maison","article_published_time":"2026-03-06T08:12:53+00:00","og_image":[{"width":1344,"height":768,"url":"https:\/\/www.maison.fr\/blog\/wp-content\/uploads\/2026\/03\/Pergola-bioclimatique-maison-guide-achat-et-installation.webp","type":"image\/webp"}],"author":"Marc","twitter_card":"summary_large_image","twitter_misc":{"\u00c9crit par":"Marc","Dur\u00e9e de lecture estim\u00e9e":"11 minutes"},"schema":{"@context":"https:\/\/schema.org","@graph":[{"@type":"Article","@id":"https:\/\/www.maison.fr\/blog\/pergola-bioclimatique-comment-choisir\/#article","isPartOf":{"@id":"https:\/\/www.maison.fr\/blog\/pergola-bioclimatique-comment-choisir\/"},"author":{"name":"Marc","@id":"https:\/\/www.maison.fr\/blog\/#\/schema\/person\/74e6112c401a4d05cfc2e7bee22a5e4f"},"headline":"Pergola bioclimatique : comment choisir le mod\u00e8le adapt\u00e9 \u00e0 sa maison","datePublished":"2026-03-06T08:12:53+00:00","mainEntityOfPage":{"@id":"https:\/\/www.maison.fr\/blog\/pergola-bioclimatique-comment-choisir\/"},"wordCount":1993,"image":{"@id":"https:\/\/www.maison.fr\/blog\/pergola-bioclimatique-comment-choisir\/#primaryimage"},"thumbnailUrl":"https:\/\/www.maison.fr\/blog\/wp-content\/uploads\/2026\/03\/Pergola-bioclimatique-maison-guide-achat-et-installation.webp","articleSection":["Entretien du jardin"],"inLanguage":"fr-FR"},{"@type":"WebPage","@id":"https:\/\/www.maison.fr\/blog\/pergola-bioclimatique-comment-choisir\/","url":"https:\/\/www.maison.fr\/blog\/pergola-bioclimatique-comment-choisir\/","name":"Pergola bioclimatique : comment choisir le bon mod\u00e8le ?","isPartOf":{"@id":"https:\/\/www.maison.fr\/blog\/#website"},"primaryImageOfPage":{"@id":"https:\/\/www.maison.fr\/blog\/pergola-bioclimatique-comment-choisir\/#primaryimage"},"image":{"@id":"https:\/\/www.maison.fr\/blog\/pergola-bioclimatique-comment-choisir\/#primaryimage"},"thumbnailUrl":"https:\/\/www.maison.fr\/blog\/wp-content\/uploads\/2026\/03\/Pergola-bioclimatique-maison-guide-achat-et-installation.webp","datePublished":"2026-03-06T08:12:53+00:00","author":{"@id":"https:\/\/www.maison.fr\/blog\/#\/schema\/person\/74e6112c401a4d05cfc2e7bee22a5e4f"},"description":"Adoss\u00e9e ou autoport\u00e9e, aluminium ou bois, en kit ou sur mesure : crit\u00e8res pour choisir une pergola bioclimatique adapt\u00e9e \u00e0 votre terrasse.","breadcrumb":{"@id":"https:\/\/www.maison.fr\/blog\/pergola-bioclimatique-comment-choisir\/#breadcrumb"},"inLanguage":"fr-FR","potentialAction":[{"@type":"ReadAction","target":["https:\/\/www.maison.fr\/blog\/pergola-bioclimatique-comment-choisir\/"]}]},{"@type":"ImageObject","inLanguage":"fr-FR","@id":"https:\/\/www.maison.fr\/blog\/pergola-bioclimatique-comment-choisir\/#primaryimage","url":"https:\/\/www.maison.fr\/blog\/wp-content\/uploads\/2026\/03\/Pergola-bioclimatique-maison-guide-achat-et-installation.webp","contentUrl":"https:\/\/www.maison.fr\/blog\/wp-content\/uploads\/2026\/03\/Pergola-bioclimatique-maison-guide-achat-et-installation.webp","width":1344,"height":768,"caption":"d\u00e9couvrez notre guide complet pour l'achat et l'installation d'une pergola bioclimatique adapt\u00e9e \u00e0 votre maison. profitez de conseils pratiques, des avantages d'une telle structure, et des informations essentielles pour transformer votre espace ext\u00e9rieur en un lieu de d\u00e9tente confortable et esth\u00e9tique."},{"@type":"BreadcrumbList","@id":"https:\/\/www.maison.fr\/blog\/pergola-bioclimatique-comment-choisir\/#breadcrumb","itemListElement":[{"@type":"ListItem","position":1,"name":"Accueil","item":"https:\/\/www.maison.fr\/blog\/"},{"@type":"ListItem","position":2,"name":"Entretien du jardin","item":"https:\/\/www.maison.fr\/blog\/entretien-du-jardin\/"},{"@type":"ListItem","position":3,"name":"Pergola bioclimatique : comment choisir le mod\u00e8le adapt\u00e9 \u00e0 sa maison"}]},{"@type":"WebSite","@id":"https:\/\/www.maison.fr\/blog\/#website","url":"https:\/\/www.maison.fr\/blog\/","name":"Blog Maison","description":"","potentialAction":[{"@type":"SearchAction","target":{"@type":"EntryPoint","urlTemplate":"https:\/\/www.maison.fr\/blog\/?s={search_term_string}"},"query-input":{"@type":"PropertyValueSpecification","valueRequired":true,"valueName":"search_term_string"}}],"inLanguage":"fr-FR"},{"@type":"Person","@id":"https:\/\/www.maison.fr\/blog\/#\/schema\/person\/74e6112c401a4d05cfc2e7bee22a5e4f","name":"Marc","image":{"@type":"ImageObject","inLanguage":"fr-FR","@id":"https:\/\/secure.gravatar.com\/avatar\/527e323e730b20c61af29436a56262bbb4a3e4ffb0660b4bf78d3ff690bf02c1?s=96&d=mm&r=g","url":"https:\/\/secure.gravatar.com\/avatar\/527e323e730b20c61af29436a56262bbb4a3e4ffb0660b4bf78d3ff690bf02c1?s=96&d=mm&r=g","contentUrl":"https:\/\/secure.gravatar.com\/avatar\/527e323e730b20c61af29436a56262bbb4a3e4ffb0660b4bf78d3ff690bf02c1?s=96&d=mm&r=g","caption":"Marc"},"sameAs":["https:\/\/www.maison.fr\/blog"],"url":"https:\/\/www.maison.fr\/blog\/author\/scunadmin\/"}]}},"_links":{"self":[{"href":"https:\/\/www.maison.fr\/blog\/wp-json\/wp\/v2\/posts\/705","targetHints":{"allow":["GET"]}}],"collection":[{"href":"https:\/\/www.maison.fr\/blog\/wp-json\/wp\/v2\/posts"}],"about":[{"href":"https:\/\/www.maison.fr\/blog\/wp-json\/wp\/v2\/types\/post"}],"author":[{"embeddable":true,"href":"https:\/\/www.maison.fr\/blog\/wp-json\/wp\/v2\/users\/1"}],"replies":[{"embeddable":true,"href":"https:\/\/www.maison.fr\/blog\/wp-json\/wp\/v2\/comments?post=705"}],"version-history":[{"count":2,"href":"https:\/\/www.maison.fr\/blog\/wp-json\/wp\/v2\/posts\/705\/revisions"}],"predecessor-version":[{"id":710,"href":"https:\/\/www.maison.fr\/blog\/wp-json\/wp\/v2\/posts\/705\/revisions\/710"}],"wp:featuredmedia":[{"embeddable":true,"href":"https:\/\/www.maison.fr\/blog\/wp-json\/wp\/v2\/media\/708"}],"wp:attachment":[{"href":"https:\/\/www.maison.fr\/blog\/wp-json\/wp\/v2\/media?parent=705"}],"wp:term":[{"taxonomy":"category","embeddable":true,"href":"https:\/\/www.maison.fr\/blog\/wp-json\/wp\/v2\/categories?post=705"},{"taxonomy":"post_tag","embeddable":true,"href":"https:\/\/www.maison.fr\/blog\/wp-json\/wp\/v2\/tags?post=705"}],"curies":[{"name":"wp","href":"https:\/\/api.w.org\/{rel}","templated":true}]}}