{"id":123,"date":"2025-07-09T15:28:06","date_gmt":"2025-07-09T13:28:06","guid":{"rendered":"https:\/\/blog.maison.fr\/index.php\/2025\/07\/09\/ravalement-de-facade-tout-savoir-sur-les-obligations-en-copropriete\/"},"modified":"2025-07-10T14:38:03","modified_gmt":"2025-07-10T12:38:03","slug":"ravalement-de-facade-tout-savoir-sur-les-obligations-en-copropriete","status":"publish","type":"post","link":"https:\/\/www.maison.fr\/blog\/ravalement-de-facade-tout-savoir-sur-les-obligations-en-copropriete\/","title":{"rendered":"Ravalement de fa\u00e7ade : tout savoir sur les obligations en copropri\u00e9t\u00e9"},"content":{"rendered":"\r\n<p>\u00c0 Paris comme \u00e0 Nantes ou Lyon, chaque copropri\u00e9taire finit t\u00f4t ou tard par croiser le mot \u00ab ravalement de fa\u00e7ade \u00bb sur une convocation d\u2019assembl\u00e9e g\u00e9n\u00e9rale. Dans un contexte o\u00f9 la France exige plus de s\u00e9curit\u00e9, de performance \u00e9nerg\u00e9tique et d'entretien partag\u00e9, le ravalement collectif s'impose comme une obligation r\u00e9guli\u00e8re. Derri\u00e8re ce chantier collectif, se cachent enjeux techniques, l\u00e9gaux et financiers majeurs : s\u00e9curit\u00e9, esth\u00e9tique, pr\u00e9servation du patrimoine, mais aussi \u00e9volution constante des normes \u2013 notamment au gr\u00e9 des r\u00e9formes sur la r\u00e9novation \u00e9nerg\u00e9tique ou les aides financi\u00e8res comme MaPrimeR\u00e9nov'. La r\u00e9ussite passe par une pr\u00e9paration m\u00e9ticuleuse : comprendre la r\u00e9glementation, anticiper le co\u00fbt selon les tanti\u00e8mes, choisir des entreprises qualifi\u00e9es RGE, et piloter le projet avec rigueur, de la premi\u00e8re r\u00e9union jusqu\u2019au dernier appel de fonds. Pour s\u2019\u00e9viter les mauvaises surprises, un regard exp\u00e9riment\u00e9 sur les points d\u2019alerte, l\u2019accompagnement du syndic et les solutions de financement adapt\u00e9es (pr\u00eats, subventions, CEE) s\u2019av\u00e8rent essentiels. Chaque \u00e9tape demande m\u00e9thode, communication et attention aux d\u00e9tails pour transformer le ravalement en v\u00e9ritable investissement pour la copropri\u00e9t\u00e9.<\/p>\r\n\r\n\r\n\r\n<h2 class=\"wp-block-heading\">Tout savoir sur le ravalement de fa\u00e7ade en copropri\u00e9t\u00e9 : objectifs et enjeux<\/h2>\r\n\r\n\r\n\r\n<p>Le ravalement de fa\u00e7ade en copropri\u00e9t\u00e9 repr\u00e9sente bien plus qu\u2019une obligation d\u2019entretien p\u00e9riodique inscrite dans le Code de la construction et de l'habitation. D'exp\u00e9rience, ce chantier collectif vise \u00e0 pr\u00e9server la solidit\u00e9, optimiser l\u2019esth\u00e9tique et garantir la s\u00e9curit\u00e9 de l\u2019immeuble. Un ravalement mal anticip\u00e9 se voit \u00e0 l\u2019\u0153il nu : fissures, salissures, d\u00e9collement d\u2019enduit ou infiltrations \u2013 autant de sympt\u00f4mes que j\u2019ai pu observer sur nombre de chantiers, transformant parfois un simple coup de peinture en urgence technique. Sur le terrain, une fa\u00e7ade d\u00e9grad\u00e9e fragilise non seulement la structure, mais soumet aussi les occupants \u00e0 des risques : chutes de mat\u00e9riaux, zone rendue non conforme pour la mairie voire obligation d\u2019intervention d\u2019urgence.<\/p>\r\n\r\n\r\n\r\n<p>Le but du ravalement de fa\u00e7ade en copropri\u00e9t\u00e9 s\u2019articule autour de quatre axes :<\/p>\r\n\r\n\r\n\r\n<ul class=\"wp-block-list\">\r\n<li>\r\n<p><strong>Entretien du b\u00e2ti<\/strong> : pr\u00e9servation contre l\u2019humidit\u00e9, la pollution et les agressions climatiques.<\/p>\r\n<\/li>\r\n\r\n\r\n\r\n<li>\r\n<p><strong>Esth\u00e9tique<\/strong> : valorisation visuelle, maintien de l\u2019attractivit\u00e9 du quartier.<\/p>\r\n<\/li>\r\n\r\n\r\n\r\n<li>\r\n<p><strong>S\u00e9curit\u00e9<\/strong> : protection des occupants et des passants.<\/p>\r\n<\/li>\r\n\r\n\r\n\r\n<li>\r\n<p><strong>Valorisation du patrimoine<\/strong> : augmentation de la valeur immobili\u00e8re, argument cl\u00e9 lors de reventes.<\/p>\r\n<\/li>\r\n<\/ul>\r\n\r\n\r\n\r\n<p>Dans une copropri\u00e9t\u00e9, chaque d\u00e9cision autour du ravalement doit se prendre de mani\u00e8re collective car la fa\u00e7ade concerne une partie commune. L\u2019erreur classique consiste \u00e0 n\u00e9gliger ce travail dans les bilans annuels, or plus on attend, plus le co\u00fbt final (sachant que la r\u00e9partition se fait par tanti\u00e8mes) augmente. Les r\u00e8gles d\u2019or du m\u00e9tier ? Anticipation, contr\u00f4le r\u00e9gulier de l\u2019\u00e9tat de la fa\u00e7ade et pilotage serr\u00e9 par le syndic ou le syndicat de copropri\u00e9t\u00e9.<\/p>\r\n\r\n\r\n\r\n<figure class=\"wp-block-image\"><img loading=\"lazy\" decoding=\"async\" width=\"1344\" height=\"768\" class=\"wp-image-121\" src=\"https:\/\/www.maison.fr\/blog\/wp-content\/uploads\/2025\/07\/ravalement-de-facade-tout-savoir-sur-les-obligations-en-copropriete.jpg\" alt=\"D\u00e9couvrez tout ce qu'il faut savoir sur le ravalement de fa\u00e7ade en copropri\u00e9t\u00e9 : obligations l\u00e9gales, conseils pratiques et d\u00e9marches \u00e0 suivre pour garantir l'harmonisation et la conformit\u00e9 de vos travaux. Ne n\u00e9gligez pas l'importance d'un ravalement en respectant les r\u00e8gles en vigueur pour pr\u00e9server la valeur de votre patrimoine.\" srcset=\"https:\/\/www.maison.fr\/blog\/wp-content\/uploads\/2025\/07\/ravalement-de-facade-tout-savoir-sur-les-obligations-en-copropriete.jpg 1344w, https:\/\/www.maison.fr\/blog\/wp-content\/uploads\/2025\/07\/ravalement-de-facade-tout-savoir-sur-les-obligations-en-copropriete-300x171.jpg 300w, https:\/\/www.maison.fr\/blog\/wp-content\/uploads\/2025\/07\/ravalement-de-facade-tout-savoir-sur-les-obligations-en-copropriete-1024x585.jpg 1024w, https:\/\/www.maison.fr\/blog\/wp-content\/uploads\/2025\/07\/ravalement-de-facade-tout-savoir-sur-les-obligations-en-copropriete-768x439.jpg 768w\" sizes=\"auto, (max-width: 1344px) 100vw, 1344px\" \/><\/figure>\r\n\r\n\r\n\r\n<h3 class=\"wp-block-heading\">Pourquoi r\u00e9aliser un ravalement de fa\u00e7ade en copropri\u00e9t\u00e9 ?<\/h3>\r\n\r\n\r\n\r\n<p>Sur le terrain, plusieurs cas de figure imposent un ravalement de fa\u00e7ade en copropri\u00e9t\u00e9. Les plus courants ?<\/p>\r\n\r\n\r\n\r\n<ul class=\"wp-block-list\">\r\n<li>\r\n<p><strong>D\u00e9gradation visuelle<\/strong> : usure naturelle, pollution urbaine, tags \u00e0 r\u00e9p\u00e9tition.<\/p>\r\n<\/li>\r\n\r\n\r\n\r\n<li>\r\n<p><strong>Non-conformit\u00e9 l\u00e9gale<\/strong> : fa\u00e7ade non entretenue mettant la copropri\u00e9t\u00e9 en infraction avec les arr\u00eat\u00e9s municipaux, fr\u00e9quent dans les grandes villes comme Paris.<\/p>\r\n<\/li>\r\n\r\n\r\n\r\n<li>\r\n<p><strong>Infiltrations ou ponts thermiques<\/strong> : condensation, murs qui moisissent, pertes de chaleur r\u00e9v\u00e9l\u00e9es lors d\u2019un audit \u00e9nerg\u00e9tique.<\/p>\r\n<\/li>\r\n<\/ul>\r\n\r\n\r\n\r\n<p>Souvent, le syndic signale l\u2019urgence apr\u00e8s un signalement de la mairie ou l\u2019apparition de d\u00e9g\u00e2ts. Une anecdote courante : un immeuble \u00e0 Nantes qui repoussait la remise en \u00e9tat, jusqu\u2019\u00e0 ce qu\u2019un morceau d\u2019enduit tombe sur la chauss\u00e9e. Sanction imm\u00e9diate \u2013 intervention d\u2019urgence, surco\u00fbt non pr\u00e9vu et d\u00e9bat houleux lors de l\u2019assembl\u00e9e g\u00e9n\u00e9rale suivante.<\/p>\r\n\r\n\r\n\r\n<p>Face \u00e0 ces enjeux, une planification anticip\u00e9e du ravalement de fa\u00e7ade s\u2019impose pour \u00e9viter la crise et stabiliser les charges dans la dur\u00e9e.<\/p>\r\n\r\n\r\n\r\n<h3 class=\"wp-block-heading\">Les b\u00e9n\u00e9fices collectifs : entretien, s\u00e9curit\u00e9 et valorisation du b\u00e2timent<\/h3>\r\n\r\n\r\n\r\n<p>Chaque ravalement impacte directement trois points essentiels de la vie en copropri\u00e9t\u00e9 :<\/p>\r\n\r\n\r\n\r\n<ul class=\"wp-block-list\">\r\n<li>\r\n<p><strong>Am\u00e9lioration de l\u2019isolation<\/strong> : En rejoignant une op\u00e9ration de r\u00e9novation \u00e9nerg\u00e9tique, l\u2019ajout d\u2019une isolation par l\u2019ext\u00e9rieur permet souvent de r\u00e9duire de 25 \u00e0 40 % les besoins en \u00e9nergie, ouvrant la porte aux aides financi\u00e8res comme les CEE.<\/p>\r\n<\/li>\r\n\r\n\r\n\r\n<li>\r\n<p><strong>Valorisation \u00e0 la revente<\/strong> : La valeur d\u2019un appartement r\u00e9nov\u00e9 grimpe sur le march\u00e9 ; impossible d\u2019ignorer l\u2019effet du \u201ccoup de propre\u201d sur une estimation notariale \u00e0 Paris ou Lyon.<\/p>\r\n<\/li>\r\n\r\n\r\n\r\n<li>\r\n<p><strong>S\u00e9r\u00e9nit\u00e9 collective<\/strong> : Moins d\u2019incidents techniques, moins de conflits internes, et une meilleure ma\u00eetrise budg\u00e9taire sur le long terme.<\/p>\r\n<\/li>\r\n<\/ul>\r\n\r\n\r\n\r\n<p>Le ravalement de fa\u00e7ade en copropri\u00e9t\u00e9 contribue donc \u00e0 une dynamique collective, bien au-del\u00e0 du simple nettoyage. Un immeuble sain, c\u2019est aussi l\u2019acc\u00e8s facilit\u00e9 aux subventions lors d\u2019une r\u00e9novation \u00e9nerg\u00e9tique et la p\u00e9rennit\u00e9 du fonds de travaux.<\/p>\r\n\r\n\r\n\r\n<p>Pour creuser les avantages et inconv\u00e9nients d\u2019une <a href=\"https:\/\/www.maison.fr\/blog\/index.php\/2025\/07\/04\/isolation-par-lexterieur-avantages-et-inconvenients-a-connaitre\/\" target=\"_blank\" rel=\"noopener noreferrer nofollow\">isolation par l\u2019ext\u00e9rieur<\/a>, n\u2019h\u00e9sitez pas \u00e0 consulter les ressources sp\u00e9cialis\u00e9es de Maison.fr.<\/p>\r\n\r\n\r\n\r\n<h2 class=\"wp-block-heading\">Ravalement de fa\u00e7ade en copropri\u00e9t\u00e9 : obligations l\u00e9gales et r\u00e9glementation \u2696<\/h2>\r\n\r\n\r\n\r\n<p>La r\u00e9glementation en France place le ravalement de fa\u00e7ade parmi les obligations majeures de la copropri\u00e9t\u00e9. L\u2019article L.132-1 du Code de la construction et de l\u2019habitation rend le ravalement obligatoire tous les 10 ans dans de nombreuses communes, avec des contr\u00f4les r\u00e9guliers de la part des services municipaux. Sur certains chantiers, il arrive que la mairie adresse une mise en demeure \u00e0 la copropri\u00e9t\u00e9, laissant un d\u00e9lai contraint pour r\u00e9aliser les travaux. La moindre n\u00e9gligence expose au risque d\u2019astreinte financi\u00e8re, voire de travaux ex\u00e9cut\u00e9s d\u2019office par la mairie\u2026 refactur\u00e9s \u00e0 la collectivit\u00e9, souvent \u00e0 un tarif major\u00e9.<\/p>\r\n\r\n\r\n\r\n<p>Pour garantir un d\u00e9roulement conforme du ravalement de fa\u00e7ade, le syndic doit veiller scrupuleusement \u00e0 l\u2019application de la r\u00e9glementation, anticiper les d\u00e9marches administratives et communiquer les \u00e9ch\u00e9ances avec pr\u00e9cision.<\/p>\r\n\r\n\r\n\r\n<h3 class=\"wp-block-heading\">Quelles sont les obligations l\u00e9gales pour les copropri\u00e9t\u00e9s ?<\/h3>\r\n\r\n\r\n\r\n<p>Sur chaque dossier suivi, la premi\u00e8re \u00e9tape consiste \u00e0 v\u00e9rifier la p\u00e9riodicit\u00e9 impos\u00e9e par la mairie : en g\u00e9n\u00e9ral, tous les 10 ans, sous r\u00e9serve d\u2019un arr\u00eat\u00e9 municipal plus strict selon la zone, notamment en centre-ville historique. Le non-respect de cette obligation peut co\u00fbter cher : astreintes journali\u00e8res, perte d\u2019acc\u00e8s \u00e0 certaines aides ou interdiction temporaire de location.<\/p>\r\n\r\n\r\n\r\n<ul class=\"wp-block-list\">\r\n<li>\r\n<p><strong>Contr\u00f4le p\u00e9riodique de l\u2019\u00e9tat de la fa\u00e7ade<\/strong><\/p>\r\n<\/li>\r\n\r\n\r\n\r\n<li>\r\n<p><strong>Mise \u00e0 l\u2019ordre du jour en assembl\u00e9e g\u00e9n\u00e9rale quand l\u2019\u00e9ch\u00e9ance approche<\/strong><\/p>\r\n<\/li>\r\n\r\n\r\n\r\n<li>\r\n<p><strong>Information de l\u2019ensemble des copropri\u00e9taires sur les cons\u00e9quences en cas de non-r\u00e9alisation<\/strong><\/p>\r\n<\/li>\r\n<\/ul>\r\n\r\n\r\n\r\n<p>Un syndic bien organis\u00e9 commence \u00e0 pr\u00e9parer le dossier en amont, en sollicitant devis, audits thermiques et en \u00e9tudiant l\u2019\u00e9ligibilit\u00e9 aux aides financi\u00e8res.<\/p>\r\n\r\n\r\n\r\n<h4 class=\"wp-block-heading\">Fr\u00e9quence des ravalements et risques en cas de non-conformit\u00e9<\/h4>\r\n\r\n\r\n\r\n<p>\u00c0 Paris, Nantes ou Lyon, l\u2019omission du ravalement de fa\u00e7ade entra\u00eene parfois des sanctions exemplaires. Plusieurs syndics ont eu \u00e0 g\u00e9rer des dossiers o\u00f9 la mairie a fait intervenir des entreprises en urgence, puis a envoy\u00e9 la facture \u2013 sal\u00e9e \u2013 \u00e0 la copropri\u00e9t\u00e9. Pour \u00e9viter ce sc\u00e9nario :<\/p>\r\n\r\n\r\n\r\n<ul class=\"wp-block-list\">\r\n<li>\r\n<p>Anticiper r\u00e9guli\u00e8rement la date du dernier ravalement.<\/p>\r\n<\/li>\r\n\r\n\r\n\r\n<li>\r\n<p>Prendre contact avec la mairie pour v\u00e9rifier les d\u00e9lais l\u00e9gaux locaux.<\/p>\r\n<\/li>\r\n\r\n\r\n\r\n<li>\r\n<p>Communiquer imm\u00e9diatement aupr\u00e8s des copropri\u00e9taires en cas d\u2019injonction.<\/p>\r\n<\/li>\r\n<\/ul>\r\n\r\n\r\n\r\n<p>Attention, point crucial : les copropri\u00e9t\u00e9s class\u00e9es, situ\u00e9es en secteur sauvegard\u00e9 ou \u00e0 proximit\u00e9 d\u2019un monument historique (centre de Paris, Nantes intramuros) sont soumises \u00e0 des exigences compl\u00e9mentaires, notamment l\u2019avis de l\u2019Architecte des B\u00e2timents de France. Un oubli de dossier pr\u00e9alable ou de demande d\u2019autorisation peut entra\u00eener un d\u00e9lai suppl\u00e9mentaire, voire une sanction.<\/p>\r\n\r\n\r\n\r\n<h3 class=\"wp-block-heading\">Demander des autorisations et respecter le cadre urbain<\/h3>\r\n\r\n\r\n\r\n<p>L\u2019aspect administratif du ravalement de fa\u00e7ade ne doit jamais \u00eatre n\u00e9glig\u00e9 ! Sur le terrain, la praticit\u00e9 se heurte souvent \u00e0 la lourdeur des dossiers d\u2019urbanisme, et il n\u2019est pas rare qu\u2019un projet prenne plusieurs mois pour obtenir le feu vert. Tout changement d\u2019aspect (couleur, mat\u00e9riaux, isolation) impose d\u2019effectuer une <strong>d\u00e9claration pr\u00e9alable de travaux<\/strong> aupr\u00e8s de la mairie. En secteur prot\u00e9g\u00e9, il faut parfois r\u00e9unir des avis sp\u00e9cifiques, d\u00e9lai suppl\u00e9mentaire \u00e0 anticiper.<\/p>\r\n\r\n\r\n\r\n<ul class=\"wp-block-list\">\r\n<li>\r\n<p><strong>V\u00e9rification du Plan Local d\u2019Urbanisme (PLU)<\/strong><\/p>\r\n<\/li>\r\n\r\n\r\n\r\n<li>\r\n<p><strong>D\u00e9p\u00f4t d\u2019une d\u00e9claration ou d\u2019un permis de construire si r\u00e9fection lourde<\/strong><\/p>\r\n<\/li>\r\n\r\n\r\n\r\n<li>\r\n<p><strong>Sollicitation de l\u2019avis de l\u2019Architecte des B\u00e2timents de France pour les secteurs concern\u00e9s<\/strong><\/p>\r\n<\/li>\r\n<\/ul>\r\n\r\n\r\n\r\n<p>Sur les chantiers historiques, l\u2019absence d\u2019autorisation g\u00e9n\u00e8re syst\u00e9matiquement des retards et surco\u00fbts. Pour bien faire les choses : consulter la mairie d\u00e8s la phase projet, joindre tout justificatif dans la convocation \u00e0 l\u2019assembl\u00e9e g\u00e9n\u00e9rale, et pr\u00e9voir un interlocuteur d\u00e9di\u00e9 au suivi des d\u00e9marches.<\/p>\r\n\r\n\r\n\r\n<h4 class=\"wp-block-heading\">D\u00e9clarations pr\u00e9alables, permis et secteurs prot\u00e9g\u00e9s<\/h4>\r\n\r\n\r\n\r\n<p>Toute modification de l\u2019apparence ext\u00e9rieure (enduits, isolation par l\u2019ext\u00e9rieur, teintes) entra\u00eene une vigilance accrue du service urbanisme. Les copropri\u00e9t\u00e9s en secteur sauvegard\u00e9 ne doivent engager aucun travaux de ravalement sans accord formel de la mairie, sous peine de blocage du dossier et refus d\u2019aides financi\u00e8res. Le calendrier s\u2019organise alors autour de plusieurs \u00e9tapes r\u00e8glementaires :<\/p>\r\n\r\n\r\n\r\n<ul class=\"wp-block-list\">\r\n<li>\r\n<p>Consultation pr\u00e9alable aupr\u00e8s de la mairie et renseignement du formulaire Cerfa adapt\u00e9.<\/p>\r\n<\/li>\r\n\r\n\r\n\r\n<li>\r\n<p>Affichage r\u00e9glementaire des autorisations sur le chantier (obligation l\u00e9gale !).<\/p>\r\n<\/li>\r\n\r\n\r\n\r\n<li>\r\n<p>Contr\u00f4le technique fr\u00e9quent, notamment lors de la pose d\u2019une isolation thermique ext\u00e9rieure, combinant respect du patrimoine et performance \u00e9nerg\u00e9tique accrue.<\/p>\r\n<\/li>\r\n<\/ul>\r\n\r\n\r\n\r\n<p>Ne pas sous-estimer la dur\u00e9e du parcours administratif : comptez en g\u00e9n\u00e9ral deux \u00e0 cinq mois, voire plus en secteur class\u00e9.<\/p>\r\n\r\n\r\n\r\n<h2 class=\"wp-block-heading\">Modalit\u00e9s de vote en assembl\u00e9e g\u00e9n\u00e9rale : proc\u00e9dures et r\u00f4les du syndic<\/h2>\r\n\r\n\r\n\r\n<p>Dans la vie de la copropri\u00e9t\u00e9, c\u2019est souvent l\u2019assembl\u00e9e g\u00e9n\u00e9rale qui cristallise les d\u00e9bats autour du ravalement de fa\u00e7ade. D\u2019exp\u00e9rience, la pr\u00e9cision du syndic lors de la pr\u00e9paration des ordres du jour et des devis fait toute la diff\u00e9rence entre une validation rapide du chantier et des ann\u00e9es de reports. La m\u00e9thode pro, c\u2019est organiser (bien en amont) \u00e9tudes pr\u00e9paratoires, pr\u00e9sentation des solutions de financement, puis affichage clair des devis pour rassurer chaque copropri\u00e9taire sur la pertinence du projet.<\/p>\r\n\r\n\r\n\r\n<p>Deux notions-cl\u00e9s structurent le vote en assembl\u00e9e g\u00e9n\u00e9rale : la majorit\u00e9 requise et le r\u00f4le de l\u2019information en amont. Attention aux pi\u00e8ges courants, comme la confusion entre travaux d\u2019entretien et travaux d\u2019am\u00e9lioration (notamment en mati\u00e8re d\u2019isolation) qui rel\u00e8ve de majorit\u00e9s diff\u00e9rentes, articles 24 ou 25 du Code de la copropri\u00e9t\u00e9.<\/p>\r\n\r\n\r\n\r\n<h3 class=\"wp-block-heading\">Majorit\u00e9 requise selon la nature des travaux : Article 24 et Article 25<\/h3>\r\n\r\n\r\n\r\n<p>L\u2019erreur classique ? Penser qu\u2019un simple nettoyage se vote comme une isolation thermique par l\u2019ext\u00e9rieur. Selon la loi, les r\u00e8gles varient :<\/p>\r\n\r\n\r\n\r\n<ul class=\"wp-block-list\">\r\n<li>\r\n<p><strong>Majorit\u00e9 simple (article 24)<\/strong> : ravalement d\u2019entretien, r\u00e9paration sans modification notable de l\u2019aspect ou de la nature des mat\u00e9riaux.<\/p>\r\n<\/li>\r\n\r\n\r\n\r\n<li>\r\n<p><strong>Majorit\u00e9 absolue (article 25)<\/strong> : isolation thermique par l\u2019ext\u00e9rieur, am\u00e9lioration significative ou changement esth\u00e9tique (teinte, bardage, taille des menuiseries...)<\/p>\r\n<\/li>\r\n<\/ul>\r\n\r\n\r\n\r\n<p>Prudence : toute ambigu\u00eft\u00e9 lors du vote peut aboutir \u00e0 une contestation, voire \u00e0 la nullit\u00e9 de la d\u00e9cision ou au blocage du chantier. Pour bien faire, il faut introduire le projet dans l\u2019ordre du jour assez t\u00f4t, transmettre les devis et r\u00e9pondre \u00e0 toutes les questions avant le vote.<\/p>\r\n\r\n\r\n\r\n<p>Lorsque la discussion s\u2019oriente vers une <strong>r\u00e9novation \u00e9nerg\u00e9tique<\/strong>, le syndic doit apporter des \u00e9l\u00e9ments objectifs sur la performance \u00e9nerg\u00e9tique \u00e0 attendre, puis d\u00e9tailler les aides financi\u00e8res mobilisables. Un bon syndic saura \u00e9galement organiser une r\u00e9union de pr\u00e9sentation avec un bureau d\u2019\u00e9tude thermique pour \u00e9clairer les d\u00e9cisions.<\/p>\r\n\r\n\r\n\r\n<h3 class=\"wp-block-heading\">Organisation et r\u00f4le cl\u00e9 du syndic dans le projet de ravalement<\/h3>\r\n\r\n\r\n\r\n<p>Sur chaque ravalement, le syndic tient un r\u00f4le de chef d\u2019orchestre. De la sollicitation de devis (au moins trois, avec pr\u00e9f\u00e9rence pour des entreprises RGE en r\u00e9novation \u00e9nerg\u00e9tique), il organise le pilotage du chantier, le suivi des d\u00e9marches administratives et la r\u00e9partition des appels de fonds aupr\u00e8s des copropri\u00e9taires. Sur mes chantiers, un syndic impliqu\u00e9 anticipe les difficult\u00e9s par :<\/p>\r\n\r\n\r\n\r\n<ul class=\"wp-block-list\">\r\n<li>\r\n<p>Mise \u00e0 disposition du dossier technique complet lors de l\u2019assembl\u00e9e g\u00e9n\u00e9rale.<\/p>\r\n<\/li>\r\n\r\n\r\n\r\n<li>\r\n<p>Constitution d\u2019une commission ravalement pour suivre le projet, compos\u00e9e de copropri\u00e9taires volontaires.<\/p>\r\n<\/li>\r\n\r\n\r\n\r\n<li>\r\n<p>Communication r\u00e9guli\u00e8re sur l\u2019\u00e9tat d\u2019avancement des d\u00e9marches, le calendrier pr\u00e9visionnel et les modalit\u00e9s de paiement des charges.<\/p>\r\n<\/li>\r\n<\/ul>\r\n\r\n\r\n\r\n<p>Ne jamais oublier que, sans un syndic vigilant, le chantier peut vite d\u00e9raper en termes de co\u00fbt ou de d\u00e9lai, avec cons\u00e9quences directes sur les charges annuelles et le moral de la copropri\u00e9t\u00e9.<\/p>\r\n\r\n\r\n\r\n<h2 class=\"wp-block-heading\">R\u00e9partition et financement des co\u00fbts du ravalement de fa\u00e7ade en copropri\u00e9t\u00e9<\/h2>\r\n\r\n\r\n\r\n<p>Par exp\u00e9rience, la question du financement du ravalement de fa\u00e7ade cristallise les tensions en assembl\u00e9e g\u00e9n\u00e9rale. La cl\u00e9 r\u00e9side dans la rigueur du calcul de la r\u00e9partition, l\u2019anticipation des appels de fonds et la clart\u00e9 des informations donn\u00e9es \u00e0 chaque copropri\u00e9taire. Rien n\u2019est pire qu\u2019un plan de financement flou menant \u00e0 des impay\u00e9s... ou \u00e0 une impasse financi\u00e8re !<\/p>\r\n\r\n\r\n\r\n<p>Le financement du ravalement s\u2019appuie sur deux piliers : la r\u00e9partition des charges selon les tanti\u00e8mes de copropri\u00e9t\u00e9, puis l\u2019organisation d'un plan d\u2019appels de fonds transparent par le syndic. Il existe aujourd\u2019hui des solutions de pr\u00eats collectifs ou individuels pour all\u00e9ger la contrainte imm\u00e9diate du co\u00fbt.<\/p>\r\n\r\n\r\n\r\n<h3 class=\"wp-block-heading\">Calcul et r\u00e9partition des charges selon les tanti\u00e8mes<\/h3>\r\n\r\n\r\n\r\n<p>Tout ravalement de fa\u00e7ade est r\u00e9put\u00e9 porter sur les parties communes. Le r\u00e8glement de copropri\u00e9t\u00e9 fixe pr\u00e9cis\u00e9ment la r\u00e9partition via les tanti\u00e8mes (ou milli\u00e8mes) : chaque copropri\u00e9taire paie en proportion de la surface ou de la valeur relative de son lot.<\/p>\r\n\r\n\r\n\r\n<ul class=\"wp-block-list\">\r\n<li>\r\n<p><strong>Travaux collectifs<\/strong>: partag\u00e9s sur la base des tanti\u00e8mes des parties communes g\u00e9n\u00e9rales.<br \/><strong>Travaux privatifs<\/strong>: \u00e0 la seule charge du(s) copropri\u00e9taire(s) concern\u00e9(s) (par exemple, remplacement d\u2019une fen\u00eatre hors standard collectif).<\/p>\r\n<\/li>\r\n\r\n\r\n\r\n<li>\r\n<p><strong>R\u00e9vision possible des tanti\u00e8mes<\/strong> en cas d\u2019incoh\u00e9rence manifeste, sur d\u00e9cision motiv\u00e9e de l\u2019assembl\u00e9e g\u00e9n\u00e9rale.<\/p>\r\n<\/li>\r\n\r\n\r\n\r\n<li>\r\n<p>Sensibilisation du syndicat de copropri\u00e9t\u00e9 <strong>\u00e0 l\u2019impact sur les charges annuelles<\/strong> : une estimation pr\u00e9alable du co\u00fbt par lot rassure tout le monde.<\/p>\r\n<\/li>\r\n<\/ul>\r\n\r\n\r\n\r\n<p>Attention, point crucial : certains dossiers (immeubles anciens de Paris) voient leurs tanti\u00e8mes discut\u00e9s, si des modifications de structure (ravalement avec cr\u00e9ation de balcons, par exemple) changent la r\u00e9partition finale apr\u00e8s travaux.<\/p>\r\n\r\n\r\n\r\n<h3 class=\"wp-block-heading\">Appels de fonds, \u00e9ch\u00e9ances et gestion financi\u00e8re par le syndic<\/h3>\r\n\r\n\r\n\r\n<p>Le syndic structure en g\u00e9n\u00e9ral le paiement selon un calendrier pr\u00e9cis :<\/p>\r\n\r\n\r\n\r\n<ul class=\"wp-block-list\">\r\n<li>\r\n<p><strong>Appel de fonds initial<\/strong> pour la r\u00e9servation de l\u2019entreprise retenue.<\/p>\r\n<\/li>\r\n\r\n\r\n\r\n<li>\r\n<p>Echelonnement en plusieurs \u00e9tapes : g\u00e9n\u00e9ralement trois \u00e0 cinq appels, align\u00e9s sur l\u2019avancement du chantier.<\/p>\r\n<\/li>\r\n\r\n\r\n\r\n<li>\r\n<p>P\u00e9nalit\u00e9s pr\u00e9vues en cas de retard de paiement, signal\u00e9es d\u00e8s la convocation.<\/p>\r\n<\/li>\r\n<\/ul>\r\n\r\n\r\n\r\n<p>Pour \u00e9viter les tensions, certains syndics proposent la cr\u00e9ation pr\u00e9alable d\u2019un fonds travaux, sorte de cagnotte collective (obligation l\u00e9gale depuis 2017) pour all\u00e9ger le choc des gros investissements. En cas de difficult\u00e9s, il est possible de solliciter des aides sp\u00e9cifiques pour copropri\u00e9t\u00e9s fragiles aupr\u00e8s de l\u2019Agence nationale de l'habitat (Anah).<\/p>\r\n\r\n\r\n\r\n<p>Un calendrier transparent et un point r\u00e9gulier avec la commission de travaux permettent d\u2019\u00e9viter la majorit\u00e9 des conflits de voisinage.<\/p>\r\n\r\n\r\n\r\n<h3 class=\"wp-block-heading\">Pr\u00eats collectifs et individuels : quelles solutions pour financer sa quote-part ?<\/h3>\r\n\r\n\r\n\r\n<p>La diversit\u00e9 des profils en copropri\u00e9t\u00e9 am\u00e8ne souvent \u00e0 \u00e9tudier deux pistes de financement :<\/p>\r\n\r\n\r\n\r\n<ul class=\"wp-block-list\">\r\n<li>\r\n<p><strong>Pr\u00eat collectif<\/strong> souscrit par la copropri\u00e9t\u00e9 : le syndic n\u00e9gocie collectivement avec une banque, chacun rembourse sa quote-part, sans solidarit\u00e9 entre copropri\u00e9taires. Avantage : taux n\u00e9goci\u00e9s, d\u00e9marche mutualis\u00e9e, mise en \u0153uvre rapide.<\/p>\r\n<\/li>\r\n\r\n\r\n\r\n<li>\r\n<p><strong>Pr\u00eat individuel<\/strong> : chaque copropri\u00e9taire finance librement sa part, via un cr\u00e9dit personnel adapt\u00e9 \u00e0 sa situation.<\/p>\r\n<\/li>\r\n\r\n\r\n\r\n<li>\r\n<p><strong>Mobilisation de subventions<\/strong> (CEE, aides locales, MaPrimeR\u00e9nov\u2019 Copropri\u00e9t\u00e9), d\u00e8s lors que le chantier inclut une v\u00e9ritable am\u00e9lioration de la performance \u00e9nerg\u00e9tique.<\/p>\r\n<\/li>\r\n<\/ul>\r\n\r\n\r\n\r\n<p>Sur le terrain, le pr\u00eat collectif rassure la majorit\u00e9, mais les m\u00e9nages les plus fragiles peuvent parfois b\u00e9n\u00e9ficier d\u2019aides compl\u00e9mentaires cibl\u00e9es. Le co\u00fbt d\u2019un ravalement de fa\u00e7ade \u00e0 Paris, pour un immeuble de 20 lots, se situe (en 2025) entre 90 000 et 180 000 \u20ac, soit une base de 4 500 \u00e0 9 000 \u20ac par appartement (avant d\u00e9duction des aides). Pr\u00e9voir la gestion de ces \u00e9ch\u00e9ances \u00e9vite bien des frayeurs lors des appels de fonds.<\/p>\r\n\r\n\r\n\r\n<p>Pour s\u00e9curiser l\u2019ensemble du projet, la signature du pr\u00eat collectif, la validation des assurances chantier et la v\u00e9rification des engagements des entreprises (d\u00e9cennale, RGE...) sont indispensables.<\/p>\r\n\r\n\r\n\r\n<figure class=\"wp-block-image\"><img loading=\"lazy\" decoding=\"async\" width=\"1344\" height=\"768\" class=\"wp-image-122\" src=\"https:\/\/www.maison.fr\/blog\/wp-content\/uploads\/2025\/07\/ravalement-de-facade-tout-savoir-sur-les-obligations-en-copropriete-1.jpg\" alt=\"D\u00e9couvrez tout ce qu'il faut savoir sur les obligations en mati\u00e8re de ravalement de fa\u00e7ade en copropri\u00e9t\u00e9. Informez-vous sur les r\u00e8gles \u00e0 respecter, les responsabilit\u00e9s des copropri\u00e9taires et les d\u00e9marches \u00e0 suivre pour effectuer des travaux en toute l\u00e9galit\u00e9.\" srcset=\"https:\/\/www.maison.fr\/blog\/wp-content\/uploads\/2025\/07\/ravalement-de-facade-tout-savoir-sur-les-obligations-en-copropriete-1.jpg 1344w, https:\/\/www.maison.fr\/blog\/wp-content\/uploads\/2025\/07\/ravalement-de-facade-tout-savoir-sur-les-obligations-en-copropriete-1-300x171.jpg 300w, https:\/\/www.maison.fr\/blog\/wp-content\/uploads\/2025\/07\/ravalement-de-facade-tout-savoir-sur-les-obligations-en-copropriete-1-1024x585.jpg 1024w, https:\/\/www.maison.fr\/blog\/wp-content\/uploads\/2025\/07\/ravalement-de-facade-tout-savoir-sur-les-obligations-en-copropriete-1-768x439.jpg 768w\" sizes=\"auto, (max-width: 1344px) 100vw, 1344px\" \/><\/figure>\r\n\r\n\r\n\r\n<h2 class=\"wp-block-heading\">Aides financi\u00e8res et optimisation du ravalement thermique en copropri\u00e9t\u00e9<\/h2>\r\n\r\n\r\n\r\n<p>R\u00e9aliser un ravalement de fa\u00e7ade en copropri\u00e9t\u00e9 s\u2019inscrit aujourd\u2019hui dans la logique de la transition \u00e9nerg\u00e9tique. \u00c0 la cl\u00e9, des subventions, des cr\u00e9dits bonifi\u00e9s (\u00e9co-PTZ) et un gain de performance \u00e9nerg\u00e9tique qui rejaillit sur la valeur locative et sur le confort. La m\u00e9thode pro consiste \u00e0 pr\u00e9parer le dossier d\u2019aides en amont, car leur obtention impose une planification rigoureuse (audit, choix des artisans, suivi administratif).<\/p>\r\n\r\n\r\n\r\n<p>Ne pas profiter des aides financi\u00e8res disponibles serait un non-sens financier, surtout en p\u00e9riode de flamb\u00e9e des charges de chauffage. Un Syndicat de copropri\u00e9t\u00e9 attentif doit solliciter l\u2019ensemble des dispositifs cumulables pour maximiser le retour sur investissement.<\/p>\r\n\r\n\r\n\r\n<h3 class=\"wp-block-heading\">MaPrimeR\u00e9nov\u2019 Copropri\u00e9t\u00e9 et dispositifs d\u2019aides compl\u00e9mentaires<\/h3>\r\n\r\n\r\n\r\n<p>Depuis son ouverture aux copropri\u00e9t\u00e9s, MaPrimeR\u00e9nov' Copropri\u00e9t\u00e9 permet de financer une partie substantielle des ravalements associant isolation thermique et \u00e9nerg\u00e9tique. Pour en b\u00e9n\u00e9ficier :<\/p>\r\n\r\n\r\n\r\n<ul class=\"wp-block-list\">\r\n<li>\r\n<p>Justifier d\u2019une am\u00e9lioration minimale de la performance \u00e9nerg\u00e9tique (+35 % de gain), \u00e0 valider par un audit \u00e9nerg\u00e9tique certifi\u00e9.<\/p>\r\n<\/li>\r\n\r\n\r\n\r\n<li>\r\n<p>Travaux r\u00e9alis\u00e9s par une entreprise RGE (Reconnu Garant de l\u2019Environnement).<\/p>\r\n<\/li>\r\n\r\n\r\n\r\n<li>\r\n<p>Dossier de demande mont\u00e9 par le syndic ou un assistant \u00e0 ma\u00eetrise d\u2019ouvrage (AMO).<\/p>\r\n<\/li>\r\n\r\n\r\n\r\n<li>\r\n<p>Cumul possible avec des aides locales dans certaines communes (Lyon, Nantes, Paris inclus).<\/p>\r\n<\/li>\r\n<\/ul>\r\n\r\n\r\n\r\n<p>\u00c0 ne pas n\u00e9gliger, les aides de l\u2019Anah pour les copropri\u00e9t\u00e9s fragiles, qui peuvent couvrir jusqu\u2019\u00e0 50 % du reste \u00e0 charge dans certaines situations exceptionnelles.<\/p>\r\n\r\n\r\n\r\n<p>Le succ\u00e8s de l\u2019op\u00e9ration d\u00e9pend de la conformit\u00e9 du dossier (audit, devis, plan de financement) et du respect des crit\u00e8res r\u00e9glementaires fix\u00e9s par chaque dispositif.<\/p>\r\n\r\n\r\n\r\n<h3 class=\"wp-block-heading\">Certificats d\u2019\u00c9conomies d\u2019\u00c9nergie (CEE), \u00e9co-PTZ et taux de TVA r\u00e9duit<\/h3>\r\n\r\n\r\n\r\n<p>Les <strong>Certificats d\u2019\u00c9conomies d\u2019\u00c9nergie (CEE)<\/strong> repr\u00e9sentent une ressource non n\u00e9gligeable, accessibles aux copropri\u00e9t\u00e9s qui engagent un ravalement thermique ambitieux (isolation des murs par l\u2019ext\u00e9rieur). Selon les bar\u00e8mes, les CEE couvrent de 5 \u00e0 25 % du co\u00fbt total, avec un plafond relevant de la configuration de l\u2019immeuble et des performances r\u00e9alis\u00e9es.<\/p>\r\n\r\n\r\n\r\n<ul class=\"wp-block-list\">\r\n<li>\r\n<p><strong>\u00c9co-Pr\u00eat \u00e0 Taux Z\u00e9ro collectif<\/strong> (\u00e9co-PTZ) : montant maximal de 30 000 \u00e0 50 000 \u20ac par logement, sans condition de ressources, mobilisation rapide apr\u00e8s approbation de l\u2019assembl\u00e9e g\u00e9n\u00e9rale.<\/p>\r\n<\/li>\r\n\r\n\r\n\r\n<li>\r\n<p><strong>Taux de TVA r\u00e9duit \u00e0 5,5 %<\/strong> sur les travaux \u00e9ligibles, \u00e0 condition de faire appel \u00e0 un professionnel certifi\u00e9.<\/p>\r\n<\/li>\r\n\r\n\r\n\r\n<li>\r\n<p><strong>Cumul possible<\/strong> avec MaPrimeR\u00e9nov', les aides locales, et d\u2019autres subventions pour optimiser le plan de financement global.<\/p>\r\n<\/li>\r\n<\/ul>\r\n\r\n\r\n\r\n<p>Sur les op\u00e9rations suivies en 2024-2025, le respect du calendrier administratif conditionne souvent l\u2019acc\u00e8s aux aides : dossier unique, factures conformes, r\u00e9ception des travaux contr\u00f4l\u00e9e par un organisme agr\u00e9\u00e9.<\/p>\r\n\r\n\r\n\r\n<h3 class=\"wp-block-heading\">Faire appel \u00e0 des artisans RGE pour d\u00e9bloquer les subventions<\/h3>\r\n\r\n\r\n\r\n<p>Pour ouvrir les portes des aides financi\u00e8res, recourir \u00e0 une entreprise RGE est souvent non n\u00e9gociable. Ce label, exig\u00e9 par la plupart des dispositifs (CEE, MaPrimeR\u00e9nov\u2019, \u00e9co-PTZ), garantit la comp\u00e9tence technique mais aussi la conformit\u00e9 des mat\u00e9riaux et des m\u00e9thodes de mise en \u0153uvre (DTU, normes NF).<\/p>\r\n\r\n\r\n\r\n<ul class=\"wp-block-list\">\r\n<li>\r\n<p>Demander syst\u00e9matiquement les attestations RGE lors de la consultation d\u2019entreprises.<\/p>\r\n<\/li>\r\n\r\n\r\n\r\n<li>\r\n<p>Recourir \u00e0 des contr\u00f4les in situ lors de la r\u00e9ception du chantier (bureaux de contr\u00f4le en appui du syndic).<\/p>\r\n<\/li>\r\n\r\n\r\n\r\n<li>\r\n<p>Penser \u00e0 l\u2019entretien r\u00e9gulier apr\u00e8s travaux pour p\u00e9renniser la performance \u00e9nerg\u00e9tique et l\u2019acc\u00e8s futur \u00e0 des aides compl\u00e9mentaires.<\/p>\r\n<\/li>\r\n<\/ul>\r\n\r\n\r\n\r\n<p>Pour approfondir le choix entre isolation par l\u2019int\u00e9rieur ou par l\u2019ext\u00e9rieur et ses impacts sur la r\u00e9novation \u00e9nerg\u00e9tique, consultez la <a href=\"https:\/\/www.maison.fr\/blog\/index.php\/2025\/07\/04\/isolation-par-lexterieur-avantages-et-inconvenients-a-connaitre\/\" target=\"_blank\" rel=\"noopener noreferrer nofollow\">r\u00e9f\u00e9rence d\u00e9taill\u00e9e sur Maison.fr<\/a>.<\/p>\r\n\r\n\r\n\r\n<p>Pour tous les cas complexes, o\u00f9 la coordination technique et financi\u00e8re pose probl\u00e8me, faire appel \u00e0 un ma\u00eetre d\u2019\u0153uvre sp\u00e9cialis\u00e9 reste la meilleure s\u00e9curit\u00e9 pour la copropri\u00e9t\u00e9. Sur Maison.fr, la mise en relation permet d\u2019identifier rapidement les entreprises RGE s\u00e9rieuses et adapt\u00e9es au projet.<\/p>\r\n\r\n\r\n\r\n<h2 class=\"wp-block-heading\">FAQ \u2013 Questions fr\u00e9quentes sur le ravalement de fa\u00e7ade en copropri\u00e9t\u00e9<\/h2>\r\n\r\n\r\n\r\n<ul class=\"wp-block-list\">\r\n<li>\r\n<p><strong>Quels sont les crit\u00e8res majeurs pour choisir une entreprise pour le ravalement de fa\u00e7ade en copropri\u00e9t\u00e9 ?<\/strong><\/p>\r\n<p>Le choix doit se faire sur la base du devis, de l\u2019exp\u00e9rience de l\u2019entreprise surtout en copropri\u00e9t\u00e9, de la certification RGE pour b\u00e9n\u00e9ficier des aides, et de la qualit\u00e9 des garanties d\u00e9cennales et d\u2019assurances. Privil\u00e9giez les entreprises recommand\u00e9es par le syndic ou ayant de solides r\u00e9f\u00e9rences.<\/p>\r\n<\/li>\r\n\r\n\r\n\r\n<li>\r\n<p><strong>Peut-on faire un ravalement de fa\u00e7ade sans passer par une assembl\u00e9e g\u00e9n\u00e9rale ?<\/strong><\/p>\r\n<p>Non, toute d\u00e9cision concernant les travaux sur les parties communes doit \u00eatre vot\u00e9e en assembl\u00e9e g\u00e9n\u00e9rale, selon la majorit\u00e9 requise (simple ou absolue). En cas d\u2019urgence, le syndic peut engager certains travaux de s\u00e9curit\u00e9, mais l\u2019ensemble doit \u00eatre r\u00e9gularis\u00e9 a posteriori en assembl\u00e9e.<\/p>\r\n<\/li>\r\n\r\n\r\n\r\n<li>\r\n<p><strong>Les aides financi\u00e8res pour la r\u00e9novation \u00e9nerg\u00e9tique sont-elles cumulables ?<\/strong><\/p>\r\n<p>Oui, MaPrimeR\u00e9nov', CEE, \u00e9co-PTZ et taux de TVA r\u00e9duit peuvent souvent se cumuler, \u00e0 condition de respecter chaque r\u00e8glementation et de monter les dossiers dans l\u2019ordre. Le syndic doit piloter ce volet en coordination avec un assistant \u00e0 ma\u00eetrise d\u2019ouvrage si n\u00e9cessaire.<\/p>\r\n<\/li>\r\n\r\n\r\n\r\n<li>\r\n<p><strong>Comment \u00e9viter les impay\u00e9s lors du financement d\u2019un ravalement ?<\/strong><\/p>\r\n<p>La meilleure m\u00e9thode : anticiper, proposer un \u00e9chelonnement des appels de fonds, recourir si besoin \u00e0 un pr\u00eat collectif n\u00e9goci\u00e9, et mobiliser les aides pour all\u00e9ger le reste \u00e0 charge. Une communication transparente limite fortement les d\u00e9fauts de paiement.<br \/>Le syndic joue ici un r\u00f4le central.<\/p>\r\n<\/li>\r\n\r\n\r\n\r\n<li>\r\n<p><strong>Quelles diff\u00e9rences entre un ravalement d\u2019entretien et un ravalement avec isolation ?<\/strong><\/p>\r\n<p>Un ravalement d\u2019entretien se limite \u00e0 la remise en \u00e9tat sans modification thermique, soumis \u00e0 la majorit\u00e9 simple en AG ; un ravalement avec isolation am\u00e9liore la performance \u00e9nerg\u00e9tique, demande des d\u00e9marches d\u2019aides sp\u00e9cifiques et se vote \u00e0 la majorit\u00e9 absolue. Le co\u00fbt est g\u00e9n\u00e9ralement sup\u00e9rieur mais les subventions aident \u00e0 compenser l\u2019investissement.<\/p>\r\n<\/li>\r\n<\/ul>\r\n\r\n<p>&nbsp;<\/p>","protected":false},"excerpt":{"rendered":"<p>\u00c0 Paris comme \u00e0 Nantes ou Lyon, chaque copropri\u00e9taire finit t\u00f4t ou tard par croiser le mot \u00ab ravalement de fa\u00e7ade \u00bb sur une convocation d\u2019assembl\u00e9e g\u00e9n\u00e9rale. Dans un contexte o\u00f9 la France exige plus de s\u00e9curit\u00e9, de performance \u00e9nerg\u00e9tique et d'entretien partag\u00e9, le ravalement collectif s'impose comme une obligation r\u00e9guli\u00e8re. Derri\u00e8re ce chantier collectif, [&hellip;]<\/p>\n","protected":false},"author":2,"featured_media":329,"comment_status":"open","ping_status":"open","sticky":false,"template":"","format":"standard","meta":{"footnotes":""},"categories":[10],"tags":[],"class_list":["post-123","post","type-post","status-publish","format-standard","has-post-thumbnail","hentry","category-travaux-facade"],"yoast_head":"<!-- This site is optimized with the Yoast SEO plugin v27.5 - https:\/\/yoast.com\/product\/yoast-seo-wordpress\/ -->\n<title>Ravalement de fa\u00e7ade : les obligations incontournables en copropri\u00e9t\u00e9<\/title>\n<meta name=\"description\" content=\"D\u00e9couvrez toutes les obligations l\u00e9gales pour le ravalement de fa\u00e7ade en copropri\u00e9t\u00e9 : d\u00e9marches, lois et conseils pour \u00eatre en conformit\u00e9.\" \/>\n<meta name=\"robots\" content=\"index, follow, max-snippet:-1, max-image-preview:large, max-video-preview:-1\" \/>\n<link rel=\"canonical\" href=\"https:\/\/www.maison.fr\/blog\/ravalement-de-facade-tout-savoir-sur-les-obligations-en-copropriete\/\" \/>\n<meta property=\"og:locale\" content=\"fr_FR\" \/>\n<meta property=\"og:type\" content=\"article\" \/>\n<meta property=\"og:title\" content=\"Ravalement de fa\u00e7ade : les obligations incontournables en copropri\u00e9t\u00e9\" \/>\n<meta property=\"og:description\" content=\"D\u00e9couvrez toutes les obligations l\u00e9gales pour le ravalement de fa\u00e7ade en copropri\u00e9t\u00e9 : d\u00e9marches, lois et conseils pour \u00eatre en conformit\u00e9.\" \/>\n<meta property=\"og:url\" content=\"https:\/\/www.maison.fr\/blog\/ravalement-de-facade-tout-savoir-sur-les-obligations-en-copropriete\/\" \/>\n<meta property=\"og:site_name\" content=\"Blog Maison\" \/>\n<meta property=\"article:published_time\" content=\"2025-07-09T13:28:06+00:00\" \/>\n<meta property=\"article:modified_time\" content=\"2025-07-10T12:38:03+00:00\" \/>\n<meta property=\"og:image\" content=\"https:\/\/www.maison.fr\/blog\/wp-content\/uploads\/2025\/07\/Ravalement-de-facade-tout-savoir-sur-les-obligations-en-copropriete-1024x683.png\" \/>\n\t<meta property=\"og:image:width\" content=\"1024\" \/>\n\t<meta property=\"og:image:height\" content=\"683\" \/>\n\t<meta property=\"og:image:type\" content=\"image\/png\" \/>\n<meta name=\"author\" content=\"Marc Dubois\" \/>\n<meta name=\"twitter:card\" content=\"summary_large_image\" \/>\n<meta name=\"twitter:label1\" content=\"\u00c9crit par\" \/>\n\t<meta name=\"twitter:data1\" content=\"Marc Dubois\" \/>\n\t<meta name=\"twitter:label2\" content=\"Dur\u00e9e de lecture estim\u00e9e\" \/>\n\t<meta name=\"twitter:data2\" content=\"18 minutes\" \/>\n<script type=\"application\/ld+json\" class=\"yoast-schema-graph\">{\"@context\":\"https:\\\/\\\/schema.org\",\"@graph\":[{\"@type\":\"Article\",\"@id\":\"https:\\\/\\\/www.maison.fr\\\/blog\\\/ravalement-de-facade-tout-savoir-sur-les-obligations-en-copropriete\\\/#article\",\"isPartOf\":{\"@id\":\"https:\\\/\\\/www.maison.fr\\\/blog\\\/ravalement-de-facade-tout-savoir-sur-les-obligations-en-copropriete\\\/\"},\"author\":{\"name\":\"Marc Dubois\",\"@id\":\"https:\\\/\\\/www.maison.fr\\\/blog\\\/#\\\/schema\\\/person\\\/6183c17807c02f81c5aceffb848ea998\"},\"headline\":\"Ravalement de fa\u00e7ade : tout savoir sur les obligations en copropri\u00e9t\u00e9\",\"datePublished\":\"2025-07-09T13:28:06+00:00\",\"dateModified\":\"2025-07-10T12:38:03+00:00\",\"mainEntityOfPage\":{\"@id\":\"https:\\\/\\\/www.maison.fr\\\/blog\\\/ravalement-de-facade-tout-savoir-sur-les-obligations-en-copropriete\\\/\"},\"wordCount\":3945,\"commentCount\":0,\"image\":{\"@id\":\"https:\\\/\\\/www.maison.fr\\\/blog\\\/ravalement-de-facade-tout-savoir-sur-les-obligations-en-copropriete\\\/#primaryimage\"},\"thumbnailUrl\":\"https:\\\/\\\/www.maison.fr\\\/blog\\\/wp-content\\\/uploads\\\/2025\\\/07\\\/Ravalement-de-facade-tout-savoir-sur-les-obligations-en-copropriete.png\",\"articleSection\":[\"Travaux fa\u00e7ade\"],\"inLanguage\":\"fr-FR\",\"potentialAction\":[{\"@type\":\"CommentAction\",\"name\":\"Comment\",\"target\":[\"https:\\\/\\\/www.maison.fr\\\/blog\\\/ravalement-de-facade-tout-savoir-sur-les-obligations-en-copropriete\\\/#respond\"]}]},{\"@type\":\"WebPage\",\"@id\":\"https:\\\/\\\/www.maison.fr\\\/blog\\\/ravalement-de-facade-tout-savoir-sur-les-obligations-en-copropriete\\\/\",\"url\":\"https:\\\/\\\/www.maison.fr\\\/blog\\\/ravalement-de-facade-tout-savoir-sur-les-obligations-en-copropriete\\\/\",\"name\":\"Ravalement de fa\u00e7ade : les obligations incontournables en copropri\u00e9t\u00e9\",\"isPartOf\":{\"@id\":\"https:\\\/\\\/www.maison.fr\\\/blog\\\/#website\"},\"primaryImageOfPage\":{\"@id\":\"https:\\\/\\\/www.maison.fr\\\/blog\\\/ravalement-de-facade-tout-savoir-sur-les-obligations-en-copropriete\\\/#primaryimage\"},\"image\":{\"@id\":\"https:\\\/\\\/www.maison.fr\\\/blog\\\/ravalement-de-facade-tout-savoir-sur-les-obligations-en-copropriete\\\/#primaryimage\"},\"thumbnailUrl\":\"https:\\\/\\\/www.maison.fr\\\/blog\\\/wp-content\\\/uploads\\\/2025\\\/07\\\/Ravalement-de-facade-tout-savoir-sur-les-obligations-en-copropriete.png\",\"datePublished\":\"2025-07-09T13:28:06+00:00\",\"dateModified\":\"2025-07-10T12:38:03+00:00\",\"author\":{\"@id\":\"https:\\\/\\\/www.maison.fr\\\/blog\\\/#\\\/schema\\\/person\\\/6183c17807c02f81c5aceffb848ea998\"},\"description\":\"D\u00e9couvrez toutes les obligations l\u00e9gales pour le ravalement de fa\u00e7ade en copropri\u00e9t\u00e9 : d\u00e9marches, lois et conseils pour \u00eatre en conformit\u00e9.\",\"breadcrumb\":{\"@id\":\"https:\\\/\\\/www.maison.fr\\\/blog\\\/ravalement-de-facade-tout-savoir-sur-les-obligations-en-copropriete\\\/#breadcrumb\"},\"inLanguage\":\"fr-FR\",\"potentialAction\":[{\"@type\":\"ReadAction\",\"target\":[\"https:\\\/\\\/www.maison.fr\\\/blog\\\/ravalement-de-facade-tout-savoir-sur-les-obligations-en-copropriete\\\/\"]}]},{\"@type\":\"ImageObject\",\"inLanguage\":\"fr-FR\",\"@id\":\"https:\\\/\\\/www.maison.fr\\\/blog\\\/ravalement-de-facade-tout-savoir-sur-les-obligations-en-copropriete\\\/#primaryimage\",\"url\":\"https:\\\/\\\/www.maison.fr\\\/blog\\\/wp-content\\\/uploads\\\/2025\\\/07\\\/Ravalement-de-facade-tout-savoir-sur-les-obligations-en-copropriete.png\",\"contentUrl\":\"https:\\\/\\\/www.maison.fr\\\/blog\\\/wp-content\\\/uploads\\\/2025\\\/07\\\/Ravalement-de-facade-tout-savoir-sur-les-obligations-en-copropriete.png\",\"width\":1536,\"height\":1024,\"caption\":\"Ravalement de fa\u00e7ade tout savoir sur les obligations en copropri\u00e9t\u00e9\"},{\"@type\":\"BreadcrumbList\",\"@id\":\"https:\\\/\\\/www.maison.fr\\\/blog\\\/ravalement-de-facade-tout-savoir-sur-les-obligations-en-copropriete\\\/#breadcrumb\",\"itemListElement\":[{\"@type\":\"ListItem\",\"position\":1,\"name\":\"Accueil\",\"item\":\"https:\\\/\\\/www.maison.fr\\\/blog\\\/\"},{\"@type\":\"ListItem\",\"position\":2,\"name\":\"Travaux fa\u00e7ade\",\"item\":\"https:\\\/\\\/www.maison.fr\\\/blog\\\/travaux-facade\\\/\"},{\"@type\":\"ListItem\",\"position\":3,\"name\":\"Ravalement de fa\u00e7ade : tout savoir sur les obligations en copropri\u00e9t\u00e9\"}]},{\"@type\":\"WebSite\",\"@id\":\"https:\\\/\\\/www.maison.fr\\\/blog\\\/#website\",\"url\":\"https:\\\/\\\/www.maison.fr\\\/blog\\\/\",\"name\":\"Blog Maison\",\"description\":\"\",\"potentialAction\":[{\"@type\":\"SearchAction\",\"target\":{\"@type\":\"EntryPoint\",\"urlTemplate\":\"https:\\\/\\\/www.maison.fr\\\/blog\\\/?s={search_term_string}\"},\"query-input\":{\"@type\":\"PropertyValueSpecification\",\"valueRequired\":true,\"valueName\":\"search_term_string\"}}],\"inLanguage\":\"fr-FR\"},{\"@type\":\"Person\",\"@id\":\"https:\\\/\\\/www.maison.fr\\\/blog\\\/#\\\/schema\\\/person\\\/6183c17807c02f81c5aceffb848ea998\",\"name\":\"Marc Dubois\",\"image\":{\"@type\":\"ImageObject\",\"inLanguage\":\"fr-FR\",\"@id\":\"https:\\\/\\\/secure.gravatar.com\\\/avatar\\\/?s=96&d=mm&r=g\",\"url\":\"https:\\\/\\\/secure.gravatar.com\\\/avatar\\\/?s=96&d=mm&r=g\",\"contentUrl\":\"https:\\\/\\\/secure.gravatar.com\\\/avatar\\\/?s=96&d=mm&r=g\",\"caption\":\"Marc Dubois\"},\"description\":\"Ancien chef de chantier BTP, 45 ans, maintenant consultant en r\u00e9novation Expertise : 20 ans d'exp\u00e9rience terrain (ma\u00e7onnerie, \u00e9lectricit\u00e9, plomberie) Style r\u00e9dactionnel : Technique mais accessible, avec sch\u00e9mas et \u00e9tapes d\u00e9taill\u00e9es Types de contenus : Guides techniques (\\\"Comment refaire l'\u00e9tanch\u00e9it\u00e9 d'une terrasse\\\") Diagnostics probl\u00e8mes (\\\"5 signes qu'il faut changer votre chaudi\u00e8re\\\") Comparatifs mat\u00e9riaux et techniques Valeur SEO : Cible les requ\u00eates \\\"comment faire\\\" + long-tail techniques Cr\u00e9dibilit\u00e9 : Certifications RGE, t\u00e9moignages d'anciens chantiers\",\"url\":\"https:\\\/\\\/www.maison.fr\\\/blog\\\/author\\\/marc-64\\\/\"}]}<\/script>\n<!-- \/ Yoast SEO plugin. -->","yoast_head_json":{"title":"Ravalement de fa\u00e7ade : les obligations incontournables en copropri\u00e9t\u00e9","description":"D\u00e9couvrez toutes les obligations l\u00e9gales pour le ravalement de fa\u00e7ade en copropri\u00e9t\u00e9 : d\u00e9marches, lois et conseils pour \u00eatre en conformit\u00e9.","robots":{"index":"index","follow":"follow","max-snippet":"max-snippet:-1","max-image-preview":"max-image-preview:large","max-video-preview":"max-video-preview:-1"},"canonical":"https:\/\/www.maison.fr\/blog\/ravalement-de-facade-tout-savoir-sur-les-obligations-en-copropriete\/","og_locale":"fr_FR","og_type":"article","og_title":"Ravalement de fa\u00e7ade : les obligations incontournables en copropri\u00e9t\u00e9","og_description":"D\u00e9couvrez toutes les obligations l\u00e9gales pour le ravalement de fa\u00e7ade en copropri\u00e9t\u00e9 : d\u00e9marches, lois et conseils pour \u00eatre en conformit\u00e9.","og_url":"https:\/\/www.maison.fr\/blog\/ravalement-de-facade-tout-savoir-sur-les-obligations-en-copropriete\/","og_site_name":"Blog Maison","article_published_time":"2025-07-09T13:28:06+00:00","article_modified_time":"2025-07-10T12:38:03+00:00","og_image":[{"width":1024,"height":683,"url":"https:\/\/www.maison.fr\/blog\/wp-content\/uploads\/2025\/07\/Ravalement-de-facade-tout-savoir-sur-les-obligations-en-copropriete-1024x683.png","type":"image\/png"}],"author":"Marc Dubois","twitter_card":"summary_large_image","twitter_misc":{"\u00c9crit par":"Marc Dubois","Dur\u00e9e de lecture estim\u00e9e":"18 minutes"},"schema":{"@context":"https:\/\/schema.org","@graph":[{"@type":"Article","@id":"https:\/\/www.maison.fr\/blog\/ravalement-de-facade-tout-savoir-sur-les-obligations-en-copropriete\/#article","isPartOf":{"@id":"https:\/\/www.maison.fr\/blog\/ravalement-de-facade-tout-savoir-sur-les-obligations-en-copropriete\/"},"author":{"name":"Marc Dubois","@id":"https:\/\/www.maison.fr\/blog\/#\/schema\/person\/6183c17807c02f81c5aceffb848ea998"},"headline":"Ravalement de fa\u00e7ade : tout savoir sur les obligations en copropri\u00e9t\u00e9","datePublished":"2025-07-09T13:28:06+00:00","dateModified":"2025-07-10T12:38:03+00:00","mainEntityOfPage":{"@id":"https:\/\/www.maison.fr\/blog\/ravalement-de-facade-tout-savoir-sur-les-obligations-en-copropriete\/"},"wordCount":3945,"commentCount":0,"image":{"@id":"https:\/\/www.maison.fr\/blog\/ravalement-de-facade-tout-savoir-sur-les-obligations-en-copropriete\/#primaryimage"},"thumbnailUrl":"https:\/\/www.maison.fr\/blog\/wp-content\/uploads\/2025\/07\/Ravalement-de-facade-tout-savoir-sur-les-obligations-en-copropriete.png","articleSection":["Travaux fa\u00e7ade"],"inLanguage":"fr-FR","potentialAction":[{"@type":"CommentAction","name":"Comment","target":["https:\/\/www.maison.fr\/blog\/ravalement-de-facade-tout-savoir-sur-les-obligations-en-copropriete\/#respond"]}]},{"@type":"WebPage","@id":"https:\/\/www.maison.fr\/blog\/ravalement-de-facade-tout-savoir-sur-les-obligations-en-copropriete\/","url":"https:\/\/www.maison.fr\/blog\/ravalement-de-facade-tout-savoir-sur-les-obligations-en-copropriete\/","name":"Ravalement de fa\u00e7ade : les obligations incontournables en copropri\u00e9t\u00e9","isPartOf":{"@id":"https:\/\/www.maison.fr\/blog\/#website"},"primaryImageOfPage":{"@id":"https:\/\/www.maison.fr\/blog\/ravalement-de-facade-tout-savoir-sur-les-obligations-en-copropriete\/#primaryimage"},"image":{"@id":"https:\/\/www.maison.fr\/blog\/ravalement-de-facade-tout-savoir-sur-les-obligations-en-copropriete\/#primaryimage"},"thumbnailUrl":"https:\/\/www.maison.fr\/blog\/wp-content\/uploads\/2025\/07\/Ravalement-de-facade-tout-savoir-sur-les-obligations-en-copropriete.png","datePublished":"2025-07-09T13:28:06+00:00","dateModified":"2025-07-10T12:38:03+00:00","author":{"@id":"https:\/\/www.maison.fr\/blog\/#\/schema\/person\/6183c17807c02f81c5aceffb848ea998"},"description":"D\u00e9couvrez toutes les obligations l\u00e9gales pour le ravalement de fa\u00e7ade en copropri\u00e9t\u00e9 : d\u00e9marches, lois et conseils pour \u00eatre en conformit\u00e9.","breadcrumb":{"@id":"https:\/\/www.maison.fr\/blog\/ravalement-de-facade-tout-savoir-sur-les-obligations-en-copropriete\/#breadcrumb"},"inLanguage":"fr-FR","potentialAction":[{"@type":"ReadAction","target":["https:\/\/www.maison.fr\/blog\/ravalement-de-facade-tout-savoir-sur-les-obligations-en-copropriete\/"]}]},{"@type":"ImageObject","inLanguage":"fr-FR","@id":"https:\/\/www.maison.fr\/blog\/ravalement-de-facade-tout-savoir-sur-les-obligations-en-copropriete\/#primaryimage","url":"https:\/\/www.maison.fr\/blog\/wp-content\/uploads\/2025\/07\/Ravalement-de-facade-tout-savoir-sur-les-obligations-en-copropriete.png","contentUrl":"https:\/\/www.maison.fr\/blog\/wp-content\/uploads\/2025\/07\/Ravalement-de-facade-tout-savoir-sur-les-obligations-en-copropriete.png","width":1536,"height":1024,"caption":"Ravalement de fa\u00e7ade tout savoir sur les obligations en copropri\u00e9t\u00e9"},{"@type":"BreadcrumbList","@id":"https:\/\/www.maison.fr\/blog\/ravalement-de-facade-tout-savoir-sur-les-obligations-en-copropriete\/#breadcrumb","itemListElement":[{"@type":"ListItem","position":1,"name":"Accueil","item":"https:\/\/www.maison.fr\/blog\/"},{"@type":"ListItem","position":2,"name":"Travaux fa\u00e7ade","item":"https:\/\/www.maison.fr\/blog\/travaux-facade\/"},{"@type":"ListItem","position":3,"name":"Ravalement de fa\u00e7ade : tout savoir sur les obligations en copropri\u00e9t\u00e9"}]},{"@type":"WebSite","@id":"https:\/\/www.maison.fr\/blog\/#website","url":"https:\/\/www.maison.fr\/blog\/","name":"Blog Maison","description":"","potentialAction":[{"@type":"SearchAction","target":{"@type":"EntryPoint","urlTemplate":"https:\/\/www.maison.fr\/blog\/?s={search_term_string}"},"query-input":{"@type":"PropertyValueSpecification","valueRequired":true,"valueName":"search_term_string"}}],"inLanguage":"fr-FR"},{"@type":"Person","@id":"https:\/\/www.maison.fr\/blog\/#\/schema\/person\/6183c17807c02f81c5aceffb848ea998","name":"Marc Dubois","image":{"@type":"ImageObject","inLanguage":"fr-FR","@id":"https:\/\/secure.gravatar.com\/avatar\/?s=96&d=mm&r=g","url":"https:\/\/secure.gravatar.com\/avatar\/?s=96&d=mm&r=g","contentUrl":"https:\/\/secure.gravatar.com\/avatar\/?s=96&d=mm&r=g","caption":"Marc Dubois"},"description":"Ancien chef de chantier BTP, 45 ans, maintenant consultant en r\u00e9novation Expertise : 20 ans d'exp\u00e9rience terrain (ma\u00e7onnerie, \u00e9lectricit\u00e9, plomberie) Style r\u00e9dactionnel : Technique mais accessible, avec sch\u00e9mas et \u00e9tapes d\u00e9taill\u00e9es Types de contenus : Guides techniques (\"Comment refaire l'\u00e9tanch\u00e9it\u00e9 d'une terrasse\") Diagnostics probl\u00e8mes (\"5 signes qu'il faut changer votre chaudi\u00e8re\") Comparatifs mat\u00e9riaux et techniques Valeur SEO : Cible les requ\u00eates \"comment faire\" + long-tail techniques Cr\u00e9dibilit\u00e9 : Certifications RGE, t\u00e9moignages d'anciens chantiers","url":"https:\/\/www.maison.fr\/blog\/author\/marc-64\/"}]}},"_links":{"self":[{"href":"https:\/\/www.maison.fr\/blog\/wp-json\/wp\/v2\/posts\/123","targetHints":{"allow":["GET"]}}],"collection":[{"href":"https:\/\/www.maison.fr\/blog\/wp-json\/wp\/v2\/posts"}],"about":[{"href":"https:\/\/www.maison.fr\/blog\/wp-json\/wp\/v2\/types\/post"}],"author":[{"embeddable":true,"href":"https:\/\/www.maison.fr\/blog\/wp-json\/wp\/v2\/users\/2"}],"replies":[{"embeddable":true,"href":"https:\/\/www.maison.fr\/blog\/wp-json\/wp\/v2\/comments?post=123"}],"version-history":[{"count":0,"href":"https:\/\/www.maison.fr\/blog\/wp-json\/wp\/v2\/posts\/123\/revisions"}],"wp:featuredmedia":[{"embeddable":true,"href":"https:\/\/www.maison.fr\/blog\/wp-json\/wp\/v2\/media\/329"}],"wp:attachment":[{"href":"https:\/\/www.maison.fr\/blog\/wp-json\/wp\/v2\/media?parent=123"}],"wp:term":[{"taxonomy":"category","embeddable":true,"href":"https:\/\/www.maison.fr\/blog\/wp-json\/wp\/v2\/categories?post=123"},{"taxonomy":"post_tag","embeddable":true,"href":"https:\/\/www.maison.fr\/blog\/wp-json\/wp\/v2\/tags?post=123"}],"curies":[{"name":"wp","href":"https:\/\/api.w.org\/{rel}","templated":true}]}}